{"id":109617,"date":"2022-11-29T17:00:30","date_gmt":"2022-11-29T20:00:30","guid":{"rendered":"https:\/\/www.locoxelrojo.com\/independiente\/?p=109617"},"modified":"2022-11-29T17:53:08","modified_gmt":"2022-11-29T20:53:08","slug":"por-decision-del-dt-no-seguiran-en-independiente","status":"publish","type":"post","link":"https:\/\/www.locoxelrojo.com\/independiente\/2022\/11\/29\/por-decision-del-dt-no-seguiran-en-independiente\/","title":{"rendered":"Por decisi\u00f3n del DT, no seguir\u00e1n en Independiente"},"content":{"rendered":"<p><strong><a href=\"https:\/\/www.locoxelrojo.com\/independiente\/2022\/11\/28\/stillitano-estoy-feliz-de-estar-en-independiente\/\">Leandro Stillitano<\/a>, t\u00e9cnico de Independiente, <a href=\"https:\/\/www.locoxelrojo.com\/independiente\/2022\/11\/28\/stillitano-y-el-armado-del-plantel\/\">les comunic\u00f3 a varios jugadores que no continuar\u00e1n en el club<\/a><\/strong>.<\/p>\n<p><strong>Juan Manuel Insaurralde, Lucas Rodr\u00edguez, Alex Vigo, Gonzalo As\u00eds, Dami\u00e1n Batallini y Juan Pacchini no ser\u00e1n tenidos en cuenta por el DT del Rojo<\/strong>.<\/p>\n<p>Lo cierto es que a estos futbolistas se les venc\u00eda el contrato el 31 de diciembre y se marchar\u00e1n libres.<\/p>\n<p>Por otra parte, hay 3 futbolistas que tambi\u00e9n tienen un pie y medio afuera de la instituci\u00f3n: <strong>Sebasti\u00e1n Sosa, Leandro Fern\u00e1ndez y Facundo Ferreyra<\/strong>.<\/p>\n<p>En primer lugar, <strong>Sosa tampoco va a seguir,<\/strong> pero est\u00e1 afectado a la selecci\u00f3n uruguaya por el Mundial de Qatar. <strong>Fern\u00e1ndez priorizar\u00e1 lo econ\u00f3mico<\/strong> y partir\u00e1 hacia Chile tras una oferta de la Universidad Cat\u00f3lica que dirige Ariel Holan. <strong>Por el lado de Ferreyra en las \u00faltimas horas se complic\u00f3 su situaci\u00f3n para renovar el pr\u00e9stamo<\/strong>, aunque la idea del DT y dirigentes es que se quede.<\/p>\n","protected":false},"excerpt":{"rendered":"<p>Leandro Stillitano, t\u00e9cnico de Independiente, les comunic\u00f3 a varios jugadores que no continuar\u00e1n en el club. Juan Manuel Insaurralde, Lucas Rodr\u00edguez, Alex Vigo, Gonzalo As\u00eds, Dami\u00e1n Batallini y Juan Pacchini no ser\u00e1n tenidos en cuenta por el DT del Rojo. Lo cierto es que a estos futbolistas se les venc\u00eda el contrato el 31 de [&hellip;]<\/p>\n","protected":false},"author":101027,"featured_media":109621,"comment_status":"open","ping_status":"closed","sticky":false,"template":"","format":"standard","meta":{"_links_to":"","_links_to_target":""},"categories":[3280,3247],"tags":[5121,153,4294,1093,3374,4783,4825,2921,4647,4645],"_links":{"self":[{"href":"https:\/\/www.locoxelrojo.com\/independiente\/wp-json\/wp\/v2\/posts\/109617"}],"collection":[{"href":"https:\/\/www.locoxelrojo.com\/independiente\/wp-json\/wp\/v2\/posts"}],"about":[{"href":"https:\/\/www.locoxelrojo.com\/independiente\/wp-json\/wp\/v2\/types\/post"}],"author":[{"embeddable":true,"href":"https:\/\/www.locoxelrojo.com\/independiente\/wp-json\/wp\/v2\/users\/101027"}],"replies":[{"embeddable":true,"href":"https:\/\/www.locoxelrojo.com\/independiente\/wp-json\/wp\/v2\/comments?post=109617"}],"version-history":[{"count":1,"href":"https:\/\/www.locoxelrojo.com\/independiente\/wp-json\/wp\/v2\/posts\/109617\/revisions"}],"predecessor-version":[{"id":109622,"href":"https:\/\/www.locoxelrojo.com\/independiente\/wp-json\/wp\/v2\/posts\/109617\/revisions\/109622"}],"wp:featuredmedia":[{"embeddable":true,"href":"https:\/\/www.locoxelrojo.com\/independiente\/wp-json\/wp\/v2\/media\/109621"}],"wp:attachment":[{"href":"https:\/\/www.locoxelrojo.com\/independiente\/wp-json\/wp\/v2\/media?parent=109617"}],"wp:term":[{"taxonomy":"category","embeddable":true,"href":"https:\/\/www.locoxelrojo.com\/independiente\/wp-json\/wp\/v2\/categories?post=109617"},{"taxonomy":"post_tag","embeddable":true,"href":"https:\/\/www.locoxelrojo.com\/independiente\/wp-json\/wp\/v2\/tags?post=109617"}],"curies":[{"name":"wp","href":"https:\/\/api.w.org\/{rel}","templated":true}]}}