{"id":109691,"date":"2022-12-02T12:58:55","date_gmt":"2022-12-02T15:58:55","guid":{"rendered":"https:\/\/www.locoxelrojo.com\/independiente\/?p=109691"},"modified":"2022-12-02T23:44:56","modified_gmt":"2022-12-03T02:44:56","slug":"stillitano-arranco-etapa-entrenador-independiente-con-35-futbolistas","status":"publish","type":"post","link":"https:\/\/www.locoxelrojo.com\/independiente\/2022\/12\/02\/stillitano-arranco-etapa-entrenador-independiente-con-35-futbolistas\/","title":{"rendered":"La era Stillitano arranc\u00f3 con 35 futbolistas"},"content":{"rendered":"<p><strong>Leandro Stillitano<\/strong> dio inicio a su etapa como entrenador de la Primera Divisi\u00f3n de <strong>Independiente<\/strong> este viernes por la ma\u00f1ana en el predio de Villa Dom\u00ednico. <strong>En la jornada matutina estuvo presente Fabi\u00e1n Doman<\/strong>, quien acompa\u00f1\u00f3 al DT y a <a href=\"https:\/\/www.locoxelrojo.com\/independiente\/2022\/12\/02\/de-la-mano-de-un-historico-la-reserva-tambien-arranco\/\"><strong>Pedro Monz\u00f3n<\/strong> en su primer d\u00eda al mando de la <strong>Reserva<\/strong><\/a>.<\/p>\n<p>Finalmente la espera se termin\u00f3. Ocho d\u00edas despu\u00e9s de <a href=\"https:\/\/www.locoxelrojo.com\/independiente\/2022\/11\/24\/independiente-presento-a-leandro-stillitano\/\">haber sido presentado<\/a> en el Estadio Ricardo Bochini, <strong>Stillitano<\/strong> puso primera junto a un numeroso grupo de futbolistas. <strong>Si bien algunos van a dejar de pertenecer al Rojo a fin de a\u00f1o<\/strong>, <strong>los 35 que se presentaron hoy se sometieron a la misma rutina<\/strong>. Entre ellos se destacaron <a href=\"https:\/\/www.locoxelrojo.com\/independiente\/2022\/11\/29\/costa-y-martinez-pegan-la-vuelta-antes\/\">los regresos de Ayrton Costa y Braian Mart\u00ednez<\/a>\u00a0y la ausencia de <a href=\"https:\/\/www.locoxelrojo.com\/independiente\/2022\/12\/01\/vuelve-a-irse-por-la-puerta-de-atras\/\">Leandro Fern\u00e1ndez<\/a>.<\/p>\n<blockquote class=\"twitter-tweet\">\n<p dir=\"ltr\" lang=\"es\">VOLVIMOS &#x1f44a;<\/p>\n<p>El plantel profesional se realiz\u00f3 los estudios m\u00e9dicos previos a retornar a los entrenamientos.<a href=\"https:\/\/twitter.com\/hashtag\/TodoRojo?src=hash&amp;ref_src=twsrc%5Etfw\">#TodoRojo<\/a> &#x1f534; <a href=\"https:\/\/t.co\/TUemKvIvKj\">pic.twitter.com\/TUemKvIvKj<\/a><\/p>\n<p>\u2014 C. A. Independiente (@Independiente) <a href=\"https:\/\/twitter.com\/Independiente\/status\/1598678026023321601?ref_src=twsrc%5Etfw\">December 2, 2022<\/a><\/p><\/blockquote>\n<p><script async src=\"https:\/\/platform.twitter.com\/widgets.js\" charset=\"utf-8\"><\/script><\/p>\n<p>Para comenzar, el plantel realiz\u00f3 los siguientes ex\u00e1menes: an\u00e1lisis de sangre y orina, electro y ecocardiograma, an\u00e1lisis de la marcha, antropometr\u00eda y evaluaciones funcionales y de flexibilidad. Todas estas tareas estuvieron supervisadas por el <a href=\"https:\/\/www.locoxelrojo.com\/independiente\/2022\/11\/17\/prada-asumio-un-nuevo-cargo\/\">Departamento de Alto Rendimiento<\/a>, a cargo del Doctor <strong>Enrique Prada<\/strong> y <strong>Gustavo R\u00edos<\/strong>.<\/p>\n<p>Los jugadores de Independiente continuar\u00e1n trabajando en la parte f\u00edsica y futbol\u00edstica a la espera de incorporaciones. Adem\u00e1s, a mediados de enero, viajar\u00e1n a Uruguay para continuar con la preparaci\u00f3n y disputar tres amistosos que ser\u00e1n televisados.<\/p>\n<h4><strong>A continuaci\u00f3n, los 35 jugadores de Stillitano<\/strong><\/h4>\n<p><strong><span style=\"text-decoration: underline;\">Arqueros:<\/span><\/strong> Milton \u00c1lvarez, Renzo Bacchia, Diego Segovia y Manuel Tasso.<\/p>\n<p><strong><span style=\"text-decoration: underline;\">Defensores:<\/span><\/strong> Joaqu\u00edn Laso, Sergio Barreto, Ayrton Costa, Edgar Elizalde, Patricio Ostachuk, Mart\u00edn Gonz\u00e1lez, Fernando Da Rosa, Lucas Rodr\u00edguez, Gonzalo As\u00eds y Alex Vigo.<\/p>\n<p><strong><span style=\"text-decoration: underline;\">Mediocampistas:<\/span><\/strong> Iv\u00e1n Marcone, Lucas Romero, Juan Cazares, Gabriel Hachen, Lucas Gonz\u00e1lez, Tom\u00e1s Pozzo, Alan So\u00f1ora, Juan Zarza, Justo D\u2019Angelo, Ramiro Lobo, Mat\u00edas Sosa, Sergio Ort\u00edz y Fernando Ch\u00e1vez.<\/p>\n<p><strong><span style=\"text-decoration: underline;\">Delanteros:<\/span><\/strong> Leandro Benegas, Rodrigo M\u00e1rquez, Santiago Ayala, Nicol\u00e1s Vallejo, Juli\u00e1n Romero, Braian Mart\u00ednez, Thiago Mastrolorenzo y Santiago Hidalgo.<\/p>\n<blockquote class=\"instagram-media\" style=\"background: #FFF; border: 0; border-radius: 3px; box-shadow: 0 0 1px 0 rgba(0,0,0,0.5),0 1px 10px 0 rgba(0,0,0,0.15); margin: 1px; max-width: 540px; min-width: 326px; padding: 0; width: calc(100% - 2px);\" data-instgrm-captioned=\"\" data-instgrm-permalink=\"https:\/\/www.instagram.com\/p\/Clq10FpO4VR\/?utm_source=ig_embed&amp;utm_campaign=loading\" data-instgrm-version=\"14\">\n<div style=\"padding: 16px;\">\n<p>&nbsp;<\/p>\n<div style=\"display: flex; flex-direction: row; align-items: center;\">\n<div style=\"background-color: #f4f4f4; border-radius: 50%; flex-grow: 0; height: 40px; margin-right: 14px; width: 40px;\"><\/div>\n<div style=\"display: flex; flex-direction: column; flex-grow: 1; justify-content: center;\">\n<div style=\"background-color: #f4f4f4; border-radius: 4px; flex-grow: 0; height: 14px; margin-bottom: 6px; width: 100px;\"><\/div>\n<div style=\"background-color: #f4f4f4; border-radius: 4px; flex-grow: 0; height: 14px; width: 60px;\"><\/div>\n<\/div>\n<\/div>\n<div style=\"padding: 19% 0;\"><\/div>\n<div style=\"display: block; height: 50px; margin: 0 auto 12px; width: 50px;\"><\/div>\n<div style=\"padding-top: 8px;\">\n<div style=\"color: #3897f0; font-family: Arial,sans-serif; font-size: 14px; font-style: normal; font-weight: 550; line-height: 18px;\">Ver esta publicaci\u00f3n en Instagram<\/div>\n<\/div>\n<div style=\"padding: 12.5% 0;\"><\/div>\n<div style=\"display: flex; flex-direction: row; margin-bottom: 14px; align-items: center;\">\n<div>\n<div style=\"background-color: #f4f4f4; border-radius: 50%; height: 12.5px; width: 12.5px; transform: translateX(0px) translateY(7px);\"><\/div>\n<div style=\"background-color: #f4f4f4; height: 12.5px; transform: rotate(-45deg) translateX(3px) translateY(1px); width: 12.5px; flex-grow: 0; margin-right: 14px; margin-left: 2px;\"><\/div>\n<div style=\"background-color: #f4f4f4; border-radius: 50%; height: 12.5px; width: 12.5px; transform: translateX(9px) translateY(-18px);\"><\/div>\n<\/div>\n<div style=\"margin-left: 8px;\">\n<div style=\"background-color: #f4f4f4; border-radius: 50%; flex-grow: 0; height: 20px; width: 20px;\"><\/div>\n<div style=\"width: 0; height: 0; border-top: 2px solid transparent; border-left: 6px solid #f4f4f4; border-bottom: 2px solid transparent; transform: translateX(16px) translateY(-4px) rotate(30deg);\"><\/div>\n<\/div>\n<div style=\"margin-left: auto;\">\n<div style=\"width: 0px; border-top: 8px solid #F4F4F4; border-right: 8px solid transparent; transform: translateY(16px);\"><\/div>\n<div style=\"background-color: #f4f4f4; flex-grow: 0; height: 12px; width: 16px; transform: translateY(-4px);\"><\/div>\n<div style=\"width: 0; height: 0; border-top: 8px solid #F4F4F4; border-left: 8px solid transparent; transform: translateY(-4px) translateX(8px);\"><\/div>\n<\/div>\n<\/div>\n<div style=\"display: flex; flex-direction: column; flex-grow: 1; justify-content: center; margin-bottom: 24px;\">\n<div style=\"background-color: #f4f4f4; border-radius: 4px; flex-grow: 0; height: 14px; margin-bottom: 6px; width: 224px;\"><\/div>\n<div style=\"background-color: #f4f4f4; border-radius: 4px; flex-grow: 0; height: 14px; width: 144px;\"><\/div>\n<\/div>\n<p>&nbsp;<\/p>\n<p style=\"color: #c9c8cd; font-family: Arial,sans-serif; font-size: 14px; line-height: 17px; margin-bottom: 0; margin-top: 8px; overflow: hidden; padding: 8px 0 7px; text-align: center; text-overflow: ellipsis; white-space: nowrap;\"><a style=\"color: #c9c8cd; font-family: Arial,sans-serif; font-size: 14px; font-style: normal; font-weight: normal; line-height: 17px; text-decoration: none;\" href=\"https:\/\/www.instagram.com\/p\/Clq10FpO4VR\/?utm_source=ig_embed&amp;utm_campaign=loading\" target=\"_blank\" rel=\"noopener\">Una publicaci\u00f3n compartida por LocoXelRojo.com (@locoxelrojoweb)<\/a><\/p>\n<\/div>\n<\/blockquote>\n<p><script async src=\"\/\/www.instagram.com\/embed.js\"><\/script><\/p>\n","protected":false},"excerpt":{"rendered":"<p>Leandro Stillitano dio inicio a su etapa como entrenador de la Primera Divisi\u00f3n de Independiente este viernes por la ma\u00f1ana en el predio de Villa Dom\u00ednico. En la jornada matutina estuvo presente Fabi\u00e1n Doman, quien acompa\u00f1\u00f3 al DT y a Pedro Monz\u00f3n en su primer d\u00eda al mando de la Reserva. Finalmente la espera se [&hellip;]<\/p>\n","protected":false},"author":19,"featured_media":109692,"comment_status":"open","ping_status":"closed","sticky":false,"template":"","format":"standard","meta":{"_links_to":"","_links_to_target":""},"categories":[3247,3],"tags":[153,26,5067,4092,1742,1683],"_links":{"self":[{"href":"https:\/\/www.locoxelrojo.com\/independiente\/wp-json\/wp\/v2\/posts\/109691"}],"collection":[{"href":"https:\/\/www.locoxelrojo.com\/independiente\/wp-json\/wp\/v2\/posts"}],"about":[{"href":"https:\/\/www.locoxelrojo.com\/independiente\/wp-json\/wp\/v2\/types\/post"}],"author":[{"embeddable":true,"href":"https:\/\/www.locoxelrojo.com\/independiente\/wp-json\/wp\/v2\/users\/19"}],"replies":[{"embeddable":true,"href":"https:\/\/www.locoxelrojo.com\/independiente\/wp-json\/wp\/v2\/comments?post=109691"}],"version-history":[{"count":4,"href":"https:\/\/www.locoxelrojo.com\/independiente\/wp-json\/wp\/v2\/posts\/109691\/revisions"}],"predecessor-version":[{"id":109705,"href":"https:\/\/www.locoxelrojo.com\/independiente\/wp-json\/wp\/v2\/posts\/109691\/revisions\/109705"}],"wp:featuredmedia":[{"embeddable":true,"href":"https:\/\/www.locoxelrojo.com\/independiente\/wp-json\/wp\/v2\/media\/109692"}],"wp:attachment":[{"href":"https:\/\/www.locoxelrojo.com\/independiente\/wp-json\/wp\/v2\/media?parent=109691"}],"wp:term":[{"taxonomy":"category","embeddable":true,"href":"https:\/\/www.locoxelrojo.com\/independiente\/wp-json\/wp\/v2\/categories?post=109691"},{"taxonomy":"post_tag","embeddable":true,"href":"https:\/\/www.locoxelrojo.com\/independiente\/wp-json\/wp\/v2\/tags?post=109691"}],"curies":[{"name":"wp","href":"https:\/\/api.w.org\/{rel}","templated":true}]}}