{"id":109741,"date":"2022-12-04T12:18:22","date_gmt":"2022-12-04T15:18:22","guid":{"rendered":"https:\/\/www.locoxelrojo.com\/independiente\/?p=109741"},"modified":"2022-12-04T22:27:41","modified_gmt":"2022-12-05T01:27:41","slug":"zanetti-y-forlan-con-la-del-rojo-en-qatar","status":"publish","type":"post","link":"https:\/\/www.locoxelrojo.com\/independiente\/2022\/12\/04\/zanetti-y-forlan-con-la-del-rojo-en-qatar\/","title":{"rendered":"Zanetti y Forl\u00e1n, con la del Rojo en Qatar"},"content":{"rendered":"<p><strong>Javier Zanetti y Diego Forl\u00e1n se mostraron con la camiseta de Independiente en Qatar.<\/strong><\/p>\n<p>M\u00e1s de una vez <strong>el Pupi confes\u00f3 que era hincha del Rojo<\/strong>. Incluso se film\u00f3 cantando una canci\u00f3n de la hinchada hace algunos meses. Mientras acompa\u00f1a a la Selecci\u00f3n Argentina en el Mundial, el club le mand\u00f3 como regalo <strong>una camiseta del Rey de Copas con su nombre y el dorsal 4<\/strong>.<\/p>\n<p>Lo mismo ocurri\u00f3 con <strong>Cachavacha<\/strong>, quien estuvo alentando a Uruguay en la fase de grupos. Desde Avellaneda <strong>le mandaron la casaca 10<\/strong>, un n\u00famero que no pudo lucir durante su paso por el Rojo pero que s\u00ed visti\u00f3 en el seleccionado charr\u00faa.<\/p>\n<p><strong>Tanto Zanetti como Forl\u00e1n posaron con la camiseta de Independiente<\/strong> y el club comparti\u00f3 las fotos en las redes sociales. D\u00edas atr\u00e1s, el club les hab\u00eda mandado camisetas tambi\u00e9n a<a href=\"https:\/\/www.locoxelrojo.com\/independiente\/2022\/11\/20\/valderrama-todo-rojo\/\"> Carlos Valderrama, hist\u00f3rico enganche de Colombia y fan\u00e1tico del Rojo<\/a>, y a <strong>Nicol\u00e1s Tagliafico<\/strong>, capit\u00e1n del equipo campe\u00f3n de la Copa Sudamericana 2017.<\/p>\n<blockquote class=\"twitter-tweet\" data-width=\"550\" data-dnt=\"true\">\n<p lang=\"es\" dir=\"ltr\"><a href=\"https:\/\/twitter.com\/hashtag\/Independiente?src=hash&amp;ref_src=twsrc%5Etfw\">#Independiente<\/a> en todo el mundo \ud83c\uddf6\ud83c\udde6<a href=\"https:\/\/twitter.com\/hashtag\/TodoRojo?src=hash&amp;ref_src=twsrc%5Etfw\">#TodoRojo<\/a> \ud83d\udd34 <a href=\"https:\/\/t.co\/bP7gaKRZLA\">pic.twitter.com\/bP7gaKRZLA<\/a><\/p>\n<p>&mdash; C. A. Independiente (@Independiente) <a href=\"https:\/\/twitter.com\/Independiente\/status\/1599493942776827904?ref_src=twsrc%5Etfw\">December 4, 2022<\/a><\/p><\/blockquote>\n<p><script async src=\"https:\/\/platform.twitter.com\/widgets.js\" charset=\"utf-8\"><\/script><\/p>\n","protected":false},"excerpt":{"rendered":"<p>Javier Zanetti y Diego Forl\u00e1n se mostraron con la camiseta de Independiente en Qatar. M\u00e1s de una vez el Pupi confes\u00f3 que era hincha del Rojo. Incluso se film\u00f3 cantando una canci\u00f3n de la hinchada hace algunos meses. Mientras acompa\u00f1a a la Selecci\u00f3n Argentina en el Mundial, el club le mand\u00f3 como regalo una camiseta [&hellip;]<\/p>\n","protected":false},"author":8,"featured_media":109744,"comment_status":"open","ping_status":"closed","sticky":false,"template":"","format":"standard","meta":{"_links_to":"","_links_to_target":""},"categories":[3280,3247],"tags":[153,715,408],"_links":{"self":[{"href":"https:\/\/www.locoxelrojo.com\/independiente\/wp-json\/wp\/v2\/posts\/109741"}],"collection":[{"href":"https:\/\/www.locoxelrojo.com\/independiente\/wp-json\/wp\/v2\/posts"}],"about":[{"href":"https:\/\/www.locoxelrojo.com\/independiente\/wp-json\/wp\/v2\/types\/post"}],"author":[{"embeddable":true,"href":"https:\/\/www.locoxelrojo.com\/independiente\/wp-json\/wp\/v2\/users\/8"}],"replies":[{"embeddable":true,"href":"https:\/\/www.locoxelrojo.com\/independiente\/wp-json\/wp\/v2\/comments?post=109741"}],"version-history":[{"count":3,"href":"https:\/\/www.locoxelrojo.com\/independiente\/wp-json\/wp\/v2\/posts\/109741\/revisions"}],"predecessor-version":[{"id":109745,"href":"https:\/\/www.locoxelrojo.com\/independiente\/wp-json\/wp\/v2\/posts\/109741\/revisions\/109745"}],"wp:featuredmedia":[{"embeddable":true,"href":"https:\/\/www.locoxelrojo.com\/independiente\/wp-json\/wp\/v2\/media\/109744"}],"wp:attachment":[{"href":"https:\/\/www.locoxelrojo.com\/independiente\/wp-json\/wp\/v2\/media?parent=109741"}],"wp:term":[{"taxonomy":"category","embeddable":true,"href":"https:\/\/www.locoxelrojo.com\/independiente\/wp-json\/wp\/v2\/categories?post=109741"},{"taxonomy":"post_tag","embeddable":true,"href":"https:\/\/www.locoxelrojo.com\/independiente\/wp-json\/wp\/v2\/tags?post=109741"}],"curies":[{"name":"wp","href":"https:\/\/api.w.org\/{rel}","templated":true}]}}