{"id":109755,"date":"2022-12-06T19:12:35","date_gmt":"2022-12-06T22:12:35","guid":{"rendered":"https:\/\/www.locoxelrojo.com\/independiente\/?p=109755"},"modified":"2022-12-07T01:16:56","modified_gmt":"2022-12-07T04:16:56","slug":"vallejo-fue-convocado-a-la-sub20","status":"publish","type":"post","link":"https:\/\/www.locoxelrojo.com\/independiente\/2022\/12\/06\/vallejo-fue-convocado-a-la-sub20\/","title":{"rendered":"Vallejo fue convocado a la Sub20"},"content":{"rendered":"<p><strong>Nicol\u00e1s Vallejo,<\/strong> uno de las j\u00f3venes promesas que tiene Independiente en su plantel, <strong>fue citado por Javier Mascherano para integrar la Selecci\u00f3n Sub20 de Argentina.<\/strong><\/p>\n<p>El delantero del Rojo deber\u00e1 presentarse a entrenar durante <strong>3 d\u00edas, desde el lunes 12 de diciembre hasta el mi\u00e9rcoles 14.<\/strong> Las pr\u00e1cticas se desarrollar\u00e1n en el <strong>predio de AFA en Ezeiza.<\/strong><\/p>\n<p><strong>Gran noticia<\/strong> para Independiente y para Vallejo, que <strong>tendr\u00e1 su primera oportunidad<\/strong> formando parte de la albiceleste.<\/p>\n","protected":false},"excerpt":{"rendered":"<p>Nicol\u00e1s Vallejo, uno de las j\u00f3venes promesas que tiene Independiente en su plantel, fue citado por Javier Mascherano para integrar la Selecci\u00f3n Sub20 de Argentina. El delantero del Rojo deber\u00e1 presentarse a entrenar durante 3 d\u00edas, desde el lunes 12 de diciembre hasta el mi\u00e9rcoles 14. Las pr\u00e1cticas se desarrollar\u00e1n en el predio de AFA [&hellip;]<\/p>\n","protected":false},"author":101029,"featured_media":109080,"comment_status":"open","ping_status":"closed","sticky":false,"template":"","format":"standard","meta":{"_links_to":"","_links_to_target":""},"categories":[3280,3247],"tags":[153,3910,5186,226],"_links":{"self":[{"href":"https:\/\/www.locoxelrojo.com\/independiente\/wp-json\/wp\/v2\/posts\/109755"}],"collection":[{"href":"https:\/\/www.locoxelrojo.com\/independiente\/wp-json\/wp\/v2\/posts"}],"about":[{"href":"https:\/\/www.locoxelrojo.com\/independiente\/wp-json\/wp\/v2\/types\/post"}],"author":[{"embeddable":true,"href":"https:\/\/www.locoxelrojo.com\/independiente\/wp-json\/wp\/v2\/users\/101029"}],"replies":[{"embeddable":true,"href":"https:\/\/www.locoxelrojo.com\/independiente\/wp-json\/wp\/v2\/comments?post=109755"}],"version-history":[{"count":1,"href":"https:\/\/www.locoxelrojo.com\/independiente\/wp-json\/wp\/v2\/posts\/109755\/revisions"}],"predecessor-version":[{"id":109756,"href":"https:\/\/www.locoxelrojo.com\/independiente\/wp-json\/wp\/v2\/posts\/109755\/revisions\/109756"}],"wp:featuredmedia":[{"embeddable":true,"href":"https:\/\/www.locoxelrojo.com\/independiente\/wp-json\/wp\/v2\/media\/109080"}],"wp:attachment":[{"href":"https:\/\/www.locoxelrojo.com\/independiente\/wp-json\/wp\/v2\/media?parent=109755"}],"wp:term":[{"taxonomy":"category","embeddable":true,"href":"https:\/\/www.locoxelrojo.com\/independiente\/wp-json\/wp\/v2\/categories?post=109755"},{"taxonomy":"post_tag","embeddable":true,"href":"https:\/\/www.locoxelrojo.com\/independiente\/wp-json\/wp\/v2\/tags?post=109755"}],"curies":[{"name":"wp","href":"https:\/\/api.w.org\/{rel}","templated":true}]}}