{"id":109761,"date":"2022-12-07T15:04:29","date_gmt":"2022-12-07T18:04:29","guid":{"rendered":"https:\/\/www.locoxelrojo.com\/independiente\/?p=109761"},"modified":"2022-12-07T16:34:27","modified_gmt":"2022-12-07T19:34:27","slug":"marcone-diferenciado-del-grupo","status":"publish","type":"post","link":"https:\/\/www.locoxelrojo.com\/independiente\/2022\/12\/07\/marcone-diferenciado-del-grupo\/","title":{"rendered":"Marcone: diferenciado del grupo"},"content":{"rendered":"<p><strong>Iv\u00e1n Marcone se entren\u00f3 diferenciado durante el entrenamiento en Independiente de esta ma\u00f1ana<\/strong>.<\/p>\n<p>En el 6\u00b0 d\u00eda de pretemporada y bajo la conducci\u00f3n de Leandro Stillitano, <strong>Marcone regul\u00f3 las cargas en esta primera etapa de preparaci\u00f3n para recuperarse totalmente de la pubalgia que lo tuvo a maltraer durante el semestre pasado<\/strong>.<\/p>\n<p>M\u00e1s all\u00e1 de que disput\u00f3 los \u00faltimos partidos como titular -y completando los 90 minutos- su inicio en el club no hab\u00eda sido el m\u00e1s auspicioso. <strong>Es por esto que el volante de 32 a\u00f1os apunta a estar en \u00f3ptimas con<\/strong><strong>diciones<\/strong>.<\/p>\n<p>Se estima, en un principio, que a partir de enero se reintegrar\u00e1 y trabajar\u00e1 a pleno junto al resto del plantel.<\/p>\n","protected":false},"excerpt":{"rendered":"<p>Iv\u00e1n Marcone se entren\u00f3 diferenciado durante el entrenamiento en Independiente de esta ma\u00f1ana. En el 6\u00b0 d\u00eda de pretemporada y bajo la conducci\u00f3n de Leandro Stillitano, Marcone regul\u00f3 las cargas en esta primera etapa de preparaci\u00f3n para recuperarse totalmente de la pubalgia que lo tuvo a maltraer durante el semestre pasado. M\u00e1s all\u00e1 de que [&hellip;]<\/p>\n","protected":false},"author":101027,"featured_media":108496,"comment_status":"open","ping_status":"closed","sticky":false,"template":"","format":"standard","meta":{"_links_to":"","_links_to_target":""},"categories":[3247,3],"tags":[153,2729,4092],"_links":{"self":[{"href":"https:\/\/www.locoxelrojo.com\/independiente\/wp-json\/wp\/v2\/posts\/109761"}],"collection":[{"href":"https:\/\/www.locoxelrojo.com\/independiente\/wp-json\/wp\/v2\/posts"}],"about":[{"href":"https:\/\/www.locoxelrojo.com\/independiente\/wp-json\/wp\/v2\/types\/post"}],"author":[{"embeddable":true,"href":"https:\/\/www.locoxelrojo.com\/independiente\/wp-json\/wp\/v2\/users\/101027"}],"replies":[{"embeddable":true,"href":"https:\/\/www.locoxelrojo.com\/independiente\/wp-json\/wp\/v2\/comments?post=109761"}],"version-history":[{"count":2,"href":"https:\/\/www.locoxelrojo.com\/independiente\/wp-json\/wp\/v2\/posts\/109761\/revisions"}],"predecessor-version":[{"id":109763,"href":"https:\/\/www.locoxelrojo.com\/independiente\/wp-json\/wp\/v2\/posts\/109761\/revisions\/109763"}],"wp:featuredmedia":[{"embeddable":true,"href":"https:\/\/www.locoxelrojo.com\/independiente\/wp-json\/wp\/v2\/media\/108496"}],"wp:attachment":[{"href":"https:\/\/www.locoxelrojo.com\/independiente\/wp-json\/wp\/v2\/media?parent=109761"}],"wp:term":[{"taxonomy":"category","embeddable":true,"href":"https:\/\/www.locoxelrojo.com\/independiente\/wp-json\/wp\/v2\/categories?post=109761"},{"taxonomy":"post_tag","embeddable":true,"href":"https:\/\/www.locoxelrojo.com\/independiente\/wp-json\/wp\/v2\/tags?post=109761"}],"curies":[{"name":"wp","href":"https:\/\/api.w.org\/{rel}","templated":true}]}}