{"id":109902,"date":"2022-12-19T15:15:09","date_gmt":"2022-12-19T18:15:09","guid":{"rendered":"https:\/\/www.locoxelrojo.com\/independiente\/?p=109902"},"modified":"2022-12-19T16:37:37","modified_gmt":"2022-12-19T19:37:37","slug":"kevin-lopez-el-primer-refuerzo-de-independiente","status":"publish","type":"post","link":"https:\/\/www.locoxelrojo.com\/independiente\/2022\/12\/19\/kevin-lopez-el-primer-refuerzo-de-independiente\/","title":{"rendered":"Kevin L\u00f3pez, el primer refuerzo de Independiente"},"content":{"rendered":"<p><strong>Kevin L\u00f3pez firm\u00f3 su contrato y se convirti\u00f3 en el primer refuerzo de Independiente en este mercado de pases.<\/strong><\/p>\n<p>En medio de la euforia por la conquista de la Copa del Mundo, hubo una nueva noticia en el Mundo Rojo, especialmente para Leandro Stillitano. Despu\u00e9s de tanta espera, por fin <strong>el t\u00e9cnico tiene a su primera incorporaci\u00f3n para encarar la temporada 2023<\/strong>.<\/p>\n<blockquote class=\"twitter-tweet\" data-width=\"550\" data-dnt=\"true\">\n<p lang=\"es\" dir=\"ltr\">Kevin L\u00f3pez 2\ufe0f\u20e30\ufe0f\u20e32\ufe0f\u20e35\ufe0f\u20e3<\/p>\n<p>El volante central firm\u00f3 su contrato y es el primer refuerzo del Rey de Copas \u00a1Que sea con todos los \u00e9xitos!<a href=\"https:\/\/twitter.com\/hashtag\/TodoRojo?src=hash&amp;ref_src=twsrc%5Etfw\">#TodoRojo<\/a> \ud83d\udd34 <a href=\"https:\/\/t.co\/eRmC2UhlvO\">pic.twitter.com\/eRmC2UhlvO<\/a><\/p>\n<p>&mdash; C. A. Independiente (@Independiente) <a href=\"https:\/\/twitter.com\/Independiente\/status\/1604901688972046336?ref_src=twsrc%5Etfw\">December 19, 2022<\/a><\/p><\/blockquote>\n<p><script async src=\"https:\/\/platform.twitter.com\/widgets.js\" charset=\"utf-8\"><\/script><\/p>\n<p>L\u00f3pez, mediocampista de Quilmes, <a href=\"https:\/\/www.locoxelrojo.com\/independiente\/2022\/12\/16\/revision-para-kevin-lopez\/\">hab\u00eda pasado con \u00e9xito la revisi\u00f3n m\u00e9dica el viernes<\/a> y finalmente firm\u00f3 su contrato con el Rey de Copas. Lo hizo este lunes por la ma\u00f1ana: <strong>estar\u00e1 ligado al club hasta 2025<\/strong>.<\/p>\n<p>Seg\u00fan pudo averiguar <strong>LocoXelRojo<\/strong>, Independiente acord\u00f3 la compra del<strong> 50% del pase del volante en 500.000 d\u00f3lares<\/strong>.<\/p>\n","protected":false},"excerpt":{"rendered":"<p>Kevin L\u00f3pez firm\u00f3 su contrato y se convirti\u00f3 en el primer refuerzo de Independiente en este mercado de pases. En medio de la euforia por la conquista de la Copa del Mundo, hubo una nueva noticia en el Mundo Rojo, especialmente para Leandro Stillitano. Despu\u00e9s de tanta espera, por fin el t\u00e9cnico tiene a su [&hellip;]<\/p>\n","protected":false},"author":8,"featured_media":109903,"comment_status":"open","ping_status":"closed","sticky":false,"template":"","format":"standard","meta":{"_links_to":"","_links_to_target":""},"categories":[3247,3],"tags":[153,5303],"_links":{"self":[{"href":"https:\/\/www.locoxelrojo.com\/independiente\/wp-json\/wp\/v2\/posts\/109902"}],"collection":[{"href":"https:\/\/www.locoxelrojo.com\/independiente\/wp-json\/wp\/v2\/posts"}],"about":[{"href":"https:\/\/www.locoxelrojo.com\/independiente\/wp-json\/wp\/v2\/types\/post"}],"author":[{"embeddable":true,"href":"https:\/\/www.locoxelrojo.com\/independiente\/wp-json\/wp\/v2\/users\/8"}],"replies":[{"embeddable":true,"href":"https:\/\/www.locoxelrojo.com\/independiente\/wp-json\/wp\/v2\/comments?post=109902"}],"version-history":[{"count":1,"href":"https:\/\/www.locoxelrojo.com\/independiente\/wp-json\/wp\/v2\/posts\/109902\/revisions"}],"predecessor-version":[{"id":109904,"href":"https:\/\/www.locoxelrojo.com\/independiente\/wp-json\/wp\/v2\/posts\/109902\/revisions\/109904"}],"wp:featuredmedia":[{"embeddable":true,"href":"https:\/\/www.locoxelrojo.com\/independiente\/wp-json\/wp\/v2\/media\/109903"}],"wp:attachment":[{"href":"https:\/\/www.locoxelrojo.com\/independiente\/wp-json\/wp\/v2\/media?parent=109902"}],"wp:term":[{"taxonomy":"category","embeddable":true,"href":"https:\/\/www.locoxelrojo.com\/independiente\/wp-json\/wp\/v2\/categories?post=109902"},{"taxonomy":"post_tag","embeddable":true,"href":"https:\/\/www.locoxelrojo.com\/independiente\/wp-json\/wp\/v2\/tags?post=109902"}],"curies":[{"name":"wp","href":"https:\/\/api.w.org\/{rel}","templated":true}]}}