{"id":109905,"date":"2022-12-19T11:39:03","date_gmt":"2022-12-19T14:39:03","guid":{"rendered":"https:\/\/www.locoxelrojo.com\/independiente\/?p=109905"},"modified":"2022-12-19T18:15:38","modified_gmt":"2022-12-19T21:15:38","slug":"dibu-martinez-se-acordo-del-rojo-tras-la-consagracion","status":"publish","type":"post","link":"https:\/\/www.locoxelrojo.com\/independiente\/2022\/12\/19\/dibu-martinez-se-acordo-del-rojo-tras-la-consagracion\/","title":{"rendered":"Dibu Mart\u00ednez se acord\u00f3 del Rojo tras la consagraci\u00f3n"},"content":{"rendered":"<p><strong>Emiliano Mart\u00ednez se acord\u00f3 de sus comienzos en Independiente despu\u00e9s de consagrarse campe\u00f3n del mundo con la Selecci\u00f3n Argentina.<\/strong><\/p>\n<p>Dibu volvi\u00f3 a ser el h\u00e9roe de todo un pa\u00eds en la infartante final del Mundial ante Francia.<strong> Se luci\u00f3 tapando un mano a mano incre\u00edble en la \u00faltima jugada y despu\u00e9s ataj\u00f3 un penal en la definici\u00f3n<\/strong>.<\/p>\n<p>En medio de tanta euforia y de los festejos por la tercera estrella, el arquero no se olvid\u00f3 de d\u00f3nde sali\u00f3. A trav\u00e9s de su cuenta de Twitter, <strong>record\u00f3 su etapa en las Inferiores del Rojo<\/strong>, donde le toc\u00f3 ser entrenado nada menos que por Miguel \u00c1ngel Santoro.<\/p>\n<p>El arquero poste\u00f3 una foto en el predio de Villa Dom\u00ednico con la camiseta de Independiente y al lado coloc\u00f3 otra imagen con la Copa del Mundo en sus manos. <strong>&#8220;C\u00f3mo empez\u00f3&#8230; C\u00f3mo va&#8221;<\/strong>, escribi\u00f3 en el tuit.<\/p>\n<blockquote class=\"twitter-tweet\">\n<p dir=\"ltr\" lang=\"en\">How it started How it\u2019s going <a href=\"https:\/\/t.co\/cK75GytW9j\">pic.twitter.com\/cK75GytW9j<\/a><\/p>\n<p>\u2014 Emi Mart\u00ednez (@emimartinezz1) <a href=\"https:\/\/twitter.com\/emimartinezz1\/status\/1604620618791620608?ref_src=twsrc%5Etfw\">December 18, 2022<\/a><\/p><\/blockquote>\n<p><script async src=\"https:\/\/platform.twitter.com\/widgets.js\" charset=\"utf-8\"><\/script><\/p>\n<p>&nbsp;<\/p>\n","protected":false},"excerpt":{"rendered":"<p>Emiliano Mart\u00ednez se acord\u00f3 de sus comienzos en Independiente despu\u00e9s de consagrarse campe\u00f3n del mundo con la Selecci\u00f3n Argentina. Dibu volvi\u00f3 a ser el h\u00e9roe de todo un pa\u00eds en la infartante final del Mundial ante Francia. Se luci\u00f3 tapando un mano a mano incre\u00edble en la \u00faltima jugada y despu\u00e9s ataj\u00f3 un penal en [&hellip;]<\/p>\n","protected":false},"author":8,"featured_media":109906,"comment_status":"open","ping_status":"closed","sticky":false,"template":"","format":"standard","meta":{"_links_to":"","_links_to_target":""},"categories":[3247,3281],"tags":[153,814,5080,450],"_links":{"self":[{"href":"https:\/\/www.locoxelrojo.com\/independiente\/wp-json\/wp\/v2\/posts\/109905"}],"collection":[{"href":"https:\/\/www.locoxelrojo.com\/independiente\/wp-json\/wp\/v2\/posts"}],"about":[{"href":"https:\/\/www.locoxelrojo.com\/independiente\/wp-json\/wp\/v2\/types\/post"}],"author":[{"embeddable":true,"href":"https:\/\/www.locoxelrojo.com\/independiente\/wp-json\/wp\/v2\/users\/8"}],"replies":[{"embeddable":true,"href":"https:\/\/www.locoxelrojo.com\/independiente\/wp-json\/wp\/v2\/comments?post=109905"}],"version-history":[{"count":1,"href":"https:\/\/www.locoxelrojo.com\/independiente\/wp-json\/wp\/v2\/posts\/109905\/revisions"}],"predecessor-version":[{"id":109907,"href":"https:\/\/www.locoxelrojo.com\/independiente\/wp-json\/wp\/v2\/posts\/109905\/revisions\/109907"}],"wp:featuredmedia":[{"embeddable":true,"href":"https:\/\/www.locoxelrojo.com\/independiente\/wp-json\/wp\/v2\/media\/109906"}],"wp:attachment":[{"href":"https:\/\/www.locoxelrojo.com\/independiente\/wp-json\/wp\/v2\/media?parent=109905"}],"wp:term":[{"taxonomy":"category","embeddable":true,"href":"https:\/\/www.locoxelrojo.com\/independiente\/wp-json\/wp\/v2\/categories?post=109905"},{"taxonomy":"post_tag","embeddable":true,"href":"https:\/\/www.locoxelrojo.com\/independiente\/wp-json\/wp\/v2\/tags?post=109905"}],"curies":[{"name":"wp","href":"https:\/\/api.w.org\/{rel}","templated":true}]}}