{"id":109956,"date":"2022-12-23T10:38:35","date_gmt":"2022-12-23T13:38:35","guid":{"rendered":"https:\/\/www.locoxelrojo.com\/independiente\/?p=109956"},"modified":"2022-12-23T14:51:22","modified_gmt":"2022-12-23T17:51:22","slug":"reconocimiento-a-albil","status":"publish","type":"post","link":"https:\/\/www.locoxelrojo.com\/independiente\/2022\/12\/23\/reconocimiento-a-albil\/","title":{"rendered":"Reconocimiento a Albil"},"content":{"rendered":"<p><strong>Dami\u00e1n Albil recibi\u00f3 una c\u00e1lida bienvenida a Independiente.<\/strong><\/p>\n<p>Previo a <a href=\"https:\/\/www.locoxelrojo.com\/independiente\/2022\/12\/23\/amistosos-con-almirante-brown\/\">los amistosos con Almirante Brown<\/a>, los planteles, cuerpos t\u00e9cnicos y Fabi\u00e1n Doman formaron el cl\u00e1sico pasillo para recibir al Loco, <strong>que integr\u00f3 el cuerpo t\u00e9cnico de Argentina que levant\u00f3 la copa en Qatar 2022<\/strong>. Tras la ovaci\u00f3n, el presidente del club le dio una camiseta donde se pod\u00eda ver la leyenda en la espalda: <strong>&#8220;Campe\u00f3n del mundo 2022&#8221;<\/strong>.<\/p>\n<p>Albil, <strong>desde este viernes se suma como entrenador de arqueros al cuerpo t\u00e9cnico de Leandro Stillitano<\/strong>. Tambi\u00e9n, <strong>formar\u00e1 parte de un proyecto integral en la formaci\u00f3n y captaci\u00f3n de arqueros que abarca desde el f\u00fatbol infantil hasta la mayor<\/strong>, junto a Miguel \u00c1ngel Santoro y otros colaboradores.<\/p>\n<blockquote class=\"twitter-tweet\">\n<p dir=\"ltr\" lang=\"es\">\u00a1Qu\u00e9 lindo volver a verte, Campe\u00f3n!<\/p>\n<p>Dami\u00e1n Albil vuelve al Rey de Copas tras formar parte de la delegaci\u00f3n argentina en Qatar &#x1f3c6; <a href=\"https:\/\/twitter.com\/hashtag\/TodoRojo?src=hash&amp;ref_src=twsrc%5Etfw\">#TodoRojo<\/a> &#x1f534; <a href=\"https:\/\/t.co\/qepJyvJK2s\">pic.twitter.com\/qepJyvJK2s<\/a><\/p>\n<p>\u2014 C. A. Independiente (@Independiente) <a href=\"https:\/\/twitter.com\/Independiente\/status\/1606291674782748672?ref_src=twsrc%5Etfw\">December 23, 2022<\/a><\/p><\/blockquote>\n<p><script async src=\"https:\/\/platform.twitter.com\/widgets.js\" charset=\"utf-8\"><\/script><\/p>\n","protected":false},"excerpt":{"rendered":"<p>Dami\u00e1n Albil recibi\u00f3 una c\u00e1lida bienvenida a Independiente. Previo a los amistosos con Almirante Brown, los planteles, cuerpos t\u00e9cnicos y Fabi\u00e1n Doman formaron el cl\u00e1sico pasillo para recibir al Loco, que integr\u00f3 el cuerpo t\u00e9cnico de Argentina que levant\u00f3 la copa en Qatar 2022. Tras la ovaci\u00f3n, el presidente del club le dio una camiseta [&hellip;]<\/p>\n","protected":false},"author":1,"featured_media":109957,"comment_status":"open","ping_status":"closed","sticky":false,"template":"","format":"standard","meta":{"_links_to":"","_links_to_target":""},"categories":[3280,3247],"tags":[153,3300],"_links":{"self":[{"href":"https:\/\/www.locoxelrojo.com\/independiente\/wp-json\/wp\/v2\/posts\/109956"}],"collection":[{"href":"https:\/\/www.locoxelrojo.com\/independiente\/wp-json\/wp\/v2\/posts"}],"about":[{"href":"https:\/\/www.locoxelrojo.com\/independiente\/wp-json\/wp\/v2\/types\/post"}],"author":[{"embeddable":true,"href":"https:\/\/www.locoxelrojo.com\/independiente\/wp-json\/wp\/v2\/users\/1"}],"replies":[{"embeddable":true,"href":"https:\/\/www.locoxelrojo.com\/independiente\/wp-json\/wp\/v2\/comments?post=109956"}],"version-history":[{"count":1,"href":"https:\/\/www.locoxelrojo.com\/independiente\/wp-json\/wp\/v2\/posts\/109956\/revisions"}],"predecessor-version":[{"id":109958,"href":"https:\/\/www.locoxelrojo.com\/independiente\/wp-json\/wp\/v2\/posts\/109956\/revisions\/109958"}],"wp:featuredmedia":[{"embeddable":true,"href":"https:\/\/www.locoxelrojo.com\/independiente\/wp-json\/wp\/v2\/media\/109957"}],"wp:attachment":[{"href":"https:\/\/www.locoxelrojo.com\/independiente\/wp-json\/wp\/v2\/media?parent=109956"}],"wp:term":[{"taxonomy":"category","embeddable":true,"href":"https:\/\/www.locoxelrojo.com\/independiente\/wp-json\/wp\/v2\/categories?post=109956"},{"taxonomy":"post_tag","embeddable":true,"href":"https:\/\/www.locoxelrojo.com\/independiente\/wp-json\/wp\/v2\/tags?post=109956"}],"curies":[{"name":"wp","href":"https:\/\/api.w.org\/{rel}","templated":true}]}}