{"id":110183,"date":"2023-01-07T23:20:52","date_gmt":"2023-01-08T02:20:52","guid":{"rendered":"https:\/\/www.locoxelrojo.com\/independiente\/?p=110183"},"modified":"2023-01-08T02:51:56","modified_gmt":"2023-01-08T05:51:56","slug":"gimenez-vamos-a-intentar-poner-a-independiente-en-lo-mas-alto","status":"publish","type":"post","link":"https:\/\/www.locoxelrojo.com\/independiente\/2023\/01\/07\/gimenez-vamos-a-intentar-poner-a-independiente-en-lo-mas-alto\/","title":{"rendered":"Gim\u00e9nez: &#8220;Vamos a intentar poner a Independiente en lo m\u00e1s alto&#8221;"},"content":{"rendered":"<p><strong>Mat\u00edas Gim\u00e9nez<\/strong> habl\u00f3 luego <a href=\"https:\/\/www.locoxelrojo.com\/independiente\/2023\/01\/07\/empate-con-boca-en-san-juan\/\">del empate 0-0 entre Independiente y Boca<\/a> en el triangular F\u00fatbol Internacional de Verano en San Juan. El delantero <strong>se mostr\u00f3 feliz de poder vestir la camiseta del Rojo<\/strong>.<\/p>\n<p><strong>&#8220;Es una alegr\u00eda muy grande, parece que los planetas se conectaron para que mi debut con \u00e9ste club sea ac\u00e1 en mi tierra. Es un logro muy importante y estoy muy feliz de estar en un club tan grande&#8221;<\/strong>, expres\u00f3 el sanjuanino. <strong>&#8220;Intentar\u00e9 aprovechar \u00e9sta oportunidad&#8221;<\/strong>, agreg\u00f3.<\/p>\n<p>Lleg\u00f3 al club hace apenas unos d\u00edas, sin embargo, <a href=\"https:\/\/www.locoxelrojo.com\/independiente\/2023\/01\/07\/stillitano-fue-una-muy-buena-prueba\/\">Leandro Stillitano<\/a> no dud\u00f3 un segundo en meterlo en el once inicial: <strong>&#8220;Me sorprendi\u00f3 jugar, pero el t\u00e9cnico me dijo que me iba a hacer debutar ac\u00e1 en San Juan, as\u00ed que espero haberla aprovechado&#8221;<\/strong>.<\/p>\n<p><strong>&#8220;Me qued\u00e9 un poco disconforme por la forma en la que sal\u00ed, estaba medio acalambrado, pero quer\u00eda seguir jugando un poco m\u00e1s. S\u00e9 que esto es de a poco y que ya voy a tener m\u00e1s oportunidades&#8221;<\/strong>, analiz\u00f3 sobre su rendimiento.<\/p>\n<p><strong>&#8220;La verdad que el cari\u00f1o de la gente de Independiente se hace notar mucho. Ojal\u00e1 que podamos compartir muchos momentos juntos. Voy a dejar todo y vamos a intentar poner al club en lo m\u00e1s alto, que es donde se merece estar&#8221;<\/strong>, cerr\u00f3.<\/p>\n","protected":false},"excerpt":{"rendered":"<p>Mat\u00edas Gim\u00e9nez habl\u00f3 luego del empate 0-0 entre Independiente y Boca en el triangular F\u00fatbol Internacional de Verano en San Juan. El delantero se mostr\u00f3 feliz de poder vestir la camiseta del Rojo. &#8220;Es una alegr\u00eda muy grande, parece que los planetas se conectaron para que mi debut con \u00e9ste club sea ac\u00e1 en mi [&hellip;]<\/p>\n","protected":false},"author":1,"featured_media":110184,"comment_status":"open","ping_status":"closed","sticky":false,"template":"","format":"standard","meta":{"_links_to":"","_links_to_target":""},"categories":[3247,3],"tags":[2820,153,5326,5334],"_links":{"self":[{"href":"https:\/\/www.locoxelrojo.com\/independiente\/wp-json\/wp\/v2\/posts\/110183"}],"collection":[{"href":"https:\/\/www.locoxelrojo.com\/independiente\/wp-json\/wp\/v2\/posts"}],"about":[{"href":"https:\/\/www.locoxelrojo.com\/independiente\/wp-json\/wp\/v2\/types\/post"}],"author":[{"embeddable":true,"href":"https:\/\/www.locoxelrojo.com\/independiente\/wp-json\/wp\/v2\/users\/1"}],"replies":[{"embeddable":true,"href":"https:\/\/www.locoxelrojo.com\/independiente\/wp-json\/wp\/v2\/comments?post=110183"}],"version-history":[{"count":1,"href":"https:\/\/www.locoxelrojo.com\/independiente\/wp-json\/wp\/v2\/posts\/110183\/revisions"}],"predecessor-version":[{"id":110185,"href":"https:\/\/www.locoxelrojo.com\/independiente\/wp-json\/wp\/v2\/posts\/110183\/revisions\/110185"}],"wp:featuredmedia":[{"embeddable":true,"href":"https:\/\/www.locoxelrojo.com\/independiente\/wp-json\/wp\/v2\/media\/110184"}],"wp:attachment":[{"href":"https:\/\/www.locoxelrojo.com\/independiente\/wp-json\/wp\/v2\/media?parent=110183"}],"wp:term":[{"taxonomy":"category","embeddable":true,"href":"https:\/\/www.locoxelrojo.com\/independiente\/wp-json\/wp\/v2\/categories?post=110183"},{"taxonomy":"post_tag","embeddable":true,"href":"https:\/\/www.locoxelrojo.com\/independiente\/wp-json\/wp\/v2\/tags?post=110183"}],"curies":[{"name":"wp","href":"https:\/\/api.w.org\/{rel}","templated":true}]}}