{"id":110199,"date":"2023-01-07T23:40:25","date_gmt":"2023-01-08T02:40:25","guid":{"rendered":"https:\/\/www.locoxelrojo.com\/independiente\/?p=110199"},"modified":"2023-01-08T12:09:02","modified_gmt":"2023-01-08T15:09:02","slug":"el-primero-de-marcone-con-la-cinta","status":"publish","type":"post","link":"https:\/\/www.locoxelrojo.com\/independiente\/2023\/01\/07\/el-primero-de-marcone-con-la-cinta\/","title":{"rendered":"El primero con la cinta"},"content":{"rendered":"<p><strong>Iv\u00e1n Marcone sigue cumpliendo sue\u00f1os con la camiseta de Independiente.<\/strong><\/p>\n<p>En esta ocasi\u00f3n, en el <a href=\"https:\/\/www.locoxelrojo.com\/independiente\/2023\/01\/07\/empate-con-boca-en-san-juan\/\">0-0 entre Independiente y Boca<\/a> por el Torneo Internacional de Verano, <strong>llev\u00f3 la cinta de capit\u00e1n por primera vez.<\/strong><\/p>\n<p>Con la partida de Lucas Romero, el puesto <strong>qued\u00f3 vacante<\/strong> y Marcone fue el futbolista <strong>designado por Leandro Stillitano<\/strong> para ocuparlo en el primer partido amistoso del Rojo.<\/p>\n<p><a href=\"https:\/\/www.locoxelrojo.com\/independiente\/2023\/01\/07\/marcone-fue-un-comienzo-positivo\/\"><strong>\u201cTengo que tomarlo con responsabilidad a la hora de representar al equipo, estoy viviendo un sue\u00f1o&#8221;<\/strong><\/a>, declar\u00f3 el 23 del Rey de Copas.<\/p>\n<p>Si bien su llegada al club se dio en <strong>junio del 2022<\/strong>, el volante es reconocido hincha de Independiente y tiene claro como representarlo. <strong>Se gan\u00f3 r\u00e1pidamente el cari\u00f1o<\/strong> de la gente y dio un nuevo paso hacia adelante <strong>convirti\u00e9ndose en un referente del plantel.<\/strong><\/p>\n","protected":false},"excerpt":{"rendered":"<p>Iv\u00e1n Marcone sigue cumpliendo sue\u00f1os con la camiseta de Independiente. En esta ocasi\u00f3n, en el 0-0 entre Independiente y Boca por el Torneo Internacional de Verano, llev\u00f3 la cinta de capit\u00e1n por primera vez. Con la partida de Lucas Romero, el puesto qued\u00f3 vacante y Marcone fue el futbolista designado por Leandro Stillitano para ocuparlo [&hellip;]<\/p>\n","protected":false},"author":101029,"featured_media":110200,"comment_status":"open","ping_status":"closed","sticky":false,"template":"","format":"standard","meta":{"_links_to":"","_links_to_target":""},"categories":[3247,3],"tags":[193,153,2729,4092,2768,5334],"_links":{"self":[{"href":"https:\/\/www.locoxelrojo.com\/independiente\/wp-json\/wp\/v2\/posts\/110199"}],"collection":[{"href":"https:\/\/www.locoxelrojo.com\/independiente\/wp-json\/wp\/v2\/posts"}],"about":[{"href":"https:\/\/www.locoxelrojo.com\/independiente\/wp-json\/wp\/v2\/types\/post"}],"author":[{"embeddable":true,"href":"https:\/\/www.locoxelrojo.com\/independiente\/wp-json\/wp\/v2\/users\/101029"}],"replies":[{"embeddable":true,"href":"https:\/\/www.locoxelrojo.com\/independiente\/wp-json\/wp\/v2\/comments?post=110199"}],"version-history":[{"count":1,"href":"https:\/\/www.locoxelrojo.com\/independiente\/wp-json\/wp\/v2\/posts\/110199\/revisions"}],"predecessor-version":[{"id":110202,"href":"https:\/\/www.locoxelrojo.com\/independiente\/wp-json\/wp\/v2\/posts\/110199\/revisions\/110202"}],"wp:featuredmedia":[{"embeddable":true,"href":"https:\/\/www.locoxelrojo.com\/independiente\/wp-json\/wp\/v2\/media\/110200"}],"wp:attachment":[{"href":"https:\/\/www.locoxelrojo.com\/independiente\/wp-json\/wp\/v2\/media?parent=110199"}],"wp:term":[{"taxonomy":"category","embeddable":true,"href":"https:\/\/www.locoxelrojo.com\/independiente\/wp-json\/wp\/v2\/categories?post=110199"},{"taxonomy":"post_tag","embeddable":true,"href":"https:\/\/www.locoxelrojo.com\/independiente\/wp-json\/wp\/v2\/tags?post=110199"}],"curies":[{"name":"wp","href":"https:\/\/api.w.org\/{rel}","templated":true}]}}