{"id":110285,"date":"2023-01-12T19:36:39","date_gmt":"2023-01-12T22:36:39","guid":{"rendered":"https:\/\/www.locoxelrojo.com\/independiente\/?p=110285"},"modified":"2023-01-12T19:38:06","modified_gmt":"2023-01-12T22:38:06","slug":"baez-me-explota-el-corazon-de-la-felicidad-que-tengo","status":"publish","type":"post","link":"https:\/\/www.locoxelrojo.com\/independiente\/2023\/01\/12\/baez-me-explota-el-corazon-de-la-felicidad-que-tengo\/","title":{"rendered":"B\u00e1ez: &#8220;Me explota el coraz\u00f3n de la felicidad que tengo&#8221;"},"content":{"rendered":"<p><strong>Javier B\u00e1ez<\/strong> volvi\u00f3 al club despu\u00e9s de muchos a\u00f1os y en las redes sociales expres\u00f3 su alegr\u00eda por este regreso.<\/p>\n<p><a href=\"https:\/\/www.locoxelrojo.com\/independiente\/2023\/01\/11\/baez-el-noveno-refuerzo-del-rojo\/\">B\u00e1ez firm\u00f3 su contrato con el Rey de Copas hasta diciembre de 2023<\/a>. Y de esta manera, el defensor de 32 a\u00f1os describi\u00f3 sus sentimiento al pegar la vuelta al Rojo, club que lo vio nacer.<\/p>\n<p><strong>&#8220;Me explota el coraz\u00f3n de la felicidad que tengo, entrar de nuevo a la sede me trajo miles de recuerdos y vivencias que tuve en el club. Independiente fue y ser\u00e1 siempre mi casa, ah\u00ed conoc\u00ed a mi esposa, a mis amigos y conoc\u00ed miles de sue\u00f1os a trav\u00e9s de mis compa\u00f1eros, esos sue\u00f1os que muchas veces se nos niegan, pero jam\u00e1s me rend\u00ed, siempre luch\u00e9 y tuve claro mis objetivos, por eso hoy volv\u00ed a casa, volv\u00ed al amor de mi vida, volv\u00ed al club m\u00e1s grande del mundo&#8221;<\/strong>, escribi\u00f3 en su cuenta de Instagram.<\/p>\n<p>Luego, lleg\u00f3 el turno de agradecer a todos los que tuvieron algo que ver en que la negociaci\u00f3n llegue a buen puerto:<strong> &#8220;Gracias a todos por sus buenos deseos, gracias a los que hicieron posible esto, dirigentes, en especial al Puma Damiani, al cuerpo t\u00e9cnico y a mi representante junto a toda la empresa de Score F\u00fatbol&#8221;<\/strong>.<\/p>\n<p>Y cerr\u00f3: <strong>&#8220;La familia V\u00e1zquez &#8211; D\u00edaz all\u00e1 por el a\u00f1o 99 me dieron la oportunidad de empezar este viaje, ac\u00e1 vamos de nuevo y espero que sea un 2023 #TodoRojo. El infierno est\u00e1 encantador&#8221;<\/strong>.<\/p>\n<blockquote class=\"instagram-media\" style=\"background: #FFF; border: 0; border-radius: 3px; box-shadow: 0 0 1px 0 rgba(0,0,0,0.5),0 1px 10px 0 rgba(0,0,0,0.15); margin: 1px; max-width: 540px; min-width: 326px; padding: 0; width: calc(100% - 2px);\" data-instgrm-captioned=\"\" data-instgrm-permalink=\"https:\/\/www.instagram.com\/p\/CnSpoU4OVON\/?utm_source=ig_embed&amp;utm_campaign=loading\" data-instgrm-version=\"14\">\n<div style=\"padding: 16px;\">\n<p>&nbsp;<\/p>\n<div style=\"display: flex; flex-direction: row; align-items: center;\">\n<div style=\"background-color: #f4f4f4; border-radius: 50%; flex-grow: 0; height: 40px; margin-right: 14px; width: 40px;\"><\/div>\n<div style=\"display: flex; flex-direction: column; flex-grow: 1; justify-content: center;\">\n<div style=\"background-color: #f4f4f4; border-radius: 4px; flex-grow: 0; height: 14px; margin-bottom: 6px; width: 100px;\"><\/div>\n<div style=\"background-color: #f4f4f4; border-radius: 4px; flex-grow: 0; height: 14px; width: 60px;\"><\/div>\n<\/div>\n<\/div>\n<div style=\"padding: 19% 0;\"><\/div>\n<div style=\"display: block; height: 50px; margin: 0 auto 12px; width: 50px;\"><\/div>\n<div style=\"padding-top: 8px;\">\n<div style=\"color: #3897f0; font-family: Arial,sans-serif; font-size: 14px; font-style: normal; font-weight: 550; line-height: 18px;\">Ver esta publicaci\u00f3n en Instagram<\/div>\n<\/div>\n<div style=\"padding: 12.5% 0;\"><\/div>\n<div style=\"display: flex; flex-direction: row; margin-bottom: 14px; align-items: center;\">\n<div>\n<div style=\"background-color: #f4f4f4; border-radius: 50%; height: 12.5px; width: 12.5px; transform: translateX(0px) translateY(7px);\"><\/div>\n<div style=\"background-color: #f4f4f4; height: 12.5px; transform: rotate(-45deg) translateX(3px) translateY(1px); width: 12.5px; flex-grow: 0; margin-right: 14px; margin-left: 2px;\"><\/div>\n<div style=\"background-color: #f4f4f4; border-radius: 50%; height: 12.5px; width: 12.5px; transform: translateX(9px) translateY(-18px);\"><\/div>\n<\/div>\n<div style=\"margin-left: 8px;\">\n<div style=\"background-color: #f4f4f4; border-radius: 50%; flex-grow: 0; height: 20px; width: 20px;\"><\/div>\n<div style=\"width: 0; height: 0; border-top: 2px solid transparent; border-left: 6px solid #f4f4f4; border-bottom: 2px solid transparent; transform: translateX(16px) translateY(-4px) rotate(30deg);\"><\/div>\n<\/div>\n<div style=\"margin-left: auto;\">\n<div style=\"width: 0px; border-top: 8px solid #F4F4F4; border-right: 8px solid transparent; transform: translateY(16px);\"><\/div>\n<div style=\"background-color: #f4f4f4; flex-grow: 0; height: 12px; width: 16px; transform: translateY(-4px);\"><\/div>\n<div style=\"width: 0; height: 0; border-top: 8px solid #F4F4F4; border-left: 8px solid transparent; transform: translateY(-4px) translateX(8px);\"><\/div>\n<\/div>\n<\/div>\n<div style=\"display: flex; flex-direction: column; flex-grow: 1; justify-content: center; margin-bottom: 24px;\">\n<div style=\"background-color: #f4f4f4; border-radius: 4px; flex-grow: 0; height: 14px; margin-bottom: 6px; width: 224px;\"><\/div>\n<div style=\"background-color: #f4f4f4; border-radius: 4px; flex-grow: 0; height: 14px; width: 144px;\"><\/div>\n<\/div>\n<p>&nbsp;<\/p>\n<p style=\"color: #c9c8cd; font-family: Arial,sans-serif; font-size: 14px; line-height: 17px; margin-bottom: 0; margin-top: 8px; overflow: hidden; padding: 8px 0 7px; text-align: center; text-overflow: ellipsis; white-space: nowrap;\"><a style=\"color: #c9c8cd; font-family: Arial,sans-serif; font-size: 14px; font-style: normal; font-weight: normal; line-height: 17px; text-decoration: none;\" href=\"https:\/\/www.instagram.com\/p\/CnSpoU4OVON\/?utm_source=ig_embed&amp;utm_campaign=loading\" target=\"_blank\" rel=\"noopener\">Una publicaci\u00f3n compartida de Javier Baez (@javibaez33)<\/a><\/p>\n<\/div>\n<\/blockquote>\n<p><script async src=\"\/\/www.instagram.com\/embed.js\"><\/script><\/p>\n","protected":false},"excerpt":{"rendered":"<p>Javier B\u00e1ez volvi\u00f3 al club despu\u00e9s de muchos a\u00f1os y en las redes sociales expres\u00f3 su alegr\u00eda por este regreso. B\u00e1ez firm\u00f3 su contrato con el Rey de Copas hasta diciembre de 2023. Y de esta manera, el defensor de 32 a\u00f1os describi\u00f3 sus sentimiento al pegar la vuelta al Rojo, club que lo vio [&hellip;]<\/p>\n","protected":false},"author":1,"featured_media":110286,"comment_status":"open","ping_status":"closed","sticky":false,"template":"","format":"standard","meta":{"_links_to":"","_links_to_target":""},"categories":[3247,3363],"tags":[153,221],"_links":{"self":[{"href":"https:\/\/www.locoxelrojo.com\/independiente\/wp-json\/wp\/v2\/posts\/110285"}],"collection":[{"href":"https:\/\/www.locoxelrojo.com\/independiente\/wp-json\/wp\/v2\/posts"}],"about":[{"href":"https:\/\/www.locoxelrojo.com\/independiente\/wp-json\/wp\/v2\/types\/post"}],"author":[{"embeddable":true,"href":"https:\/\/www.locoxelrojo.com\/independiente\/wp-json\/wp\/v2\/users\/1"}],"replies":[{"embeddable":true,"href":"https:\/\/www.locoxelrojo.com\/independiente\/wp-json\/wp\/v2\/comments?post=110285"}],"version-history":[{"count":2,"href":"https:\/\/www.locoxelrojo.com\/independiente\/wp-json\/wp\/v2\/posts\/110285\/revisions"}],"predecessor-version":[{"id":110288,"href":"https:\/\/www.locoxelrojo.com\/independiente\/wp-json\/wp\/v2\/posts\/110285\/revisions\/110288"}],"wp:featuredmedia":[{"embeddable":true,"href":"https:\/\/www.locoxelrojo.com\/independiente\/wp-json\/wp\/v2\/media\/110286"}],"wp:attachment":[{"href":"https:\/\/www.locoxelrojo.com\/independiente\/wp-json\/wp\/v2\/media?parent=110285"}],"wp:term":[{"taxonomy":"category","embeddable":true,"href":"https:\/\/www.locoxelrojo.com\/independiente\/wp-json\/wp\/v2\/categories?post=110285"},{"taxonomy":"post_tag","embeddable":true,"href":"https:\/\/www.locoxelrojo.com\/independiente\/wp-json\/wp\/v2\/tags?post=110285"}],"curies":[{"name":"wp","href":"https:\/\/api.w.org\/{rel}","templated":true}]}}