{"id":110343,"date":"2023-01-16T15:08:39","date_gmt":"2023-01-16T18:08:39","guid":{"rendered":"https:\/\/www.locoxelrojo.com\/independiente\/?p=110343"},"modified":"2023-01-16T15:08:39","modified_gmt":"2023-01-16T18:08:39","slug":"esperan-la-oferta-de-paraguay","status":"publish","type":"post","link":"https:\/\/www.locoxelrojo.com\/independiente\/2023\/01\/16\/esperan-la-oferta-de-paraguay\/","title":{"rendered":"Esperan la oferta de Paraguay"},"content":{"rendered":"<p>La novela del verano en Independiente tiene un protagonista y es <strong>Sergio Barreto<\/strong>. Boca se interes\u00f3, pero ya se reforz\u00f3 con otro futbolista, sin embargo, todav\u00eda hay chances que se vaya vendido.<\/p>\n<p><strong>&#8220;Boca pregunt\u00f3 por Barreto y desde el club se le dijo que para venderlo tiene que ser el valor de la deuda con Am\u00e9rica. Boca hizo una oferta irrisoria. Est\u00e1 m\u00e1s que claro que Independiente no va a regalar un jugador titular\u201d<\/strong>, expres\u00f3 Daniel Seoane en di\u00e1logo con Rojos de Pasi\u00f3n. Las diferencias en el monto eran bastante amplias, por eso se enfri\u00f3 y el Xeneize avanz\u00f3 y cerr\u00f3 al central Bruno Valdez.<\/p>\n<p>\u00bfCon esto queda asegurada la continuidad del defensor en el Rojo? No. Cerro Porte\u00f1o est\u00e1 bastante interesado en contar con el jugador y, al parecer, los n\u00fameros entre Independiente y el conjunto paraguayo cierran un poco m\u00e1s. <strong>&#8220;Habl\u00e9 personalmente con el vicepresidente de Cerro Porte\u00f1o. Ellos vender\u00e1n su central a Rusia y est\u00e1n interesados en Barreto. El lunes o martes enviar\u00e1n la oferta y se vende si la oferta es importante para el club&#8221;<\/strong>, cont\u00f3 Seoane.<\/p>\n<p><strong>&#8220;Si lo vendemos, tendremos que salir a buscar un reemplazo&#8221;<\/strong>, cerr\u00f3. Hay que recordar que <strong>el contrato de Barreto en Independiente finaliza el 31 de diciembre 2023<\/strong>. La idea de los dirigentes es comenzar esta semana las charlas para una renovaci\u00f3n, pero desde el entorno del futbolista quieren antes agotar todas las opciones que tienen para una salida.<\/p>\n","protected":false},"excerpt":{"rendered":"<p>La novela del verano en Independiente tiene un protagonista y es Sergio Barreto. Boca se interes\u00f3, pero ya se reforz\u00f3 con otro futbolista, sin embargo, todav\u00eda hay chances que se vaya vendido. &#8220;Boca pregunt\u00f3 por Barreto y desde el club se le dijo que para venderlo tiene que ser el valor de la deuda con [&hellip;]<\/p>\n","protected":false},"author":1,"featured_media":107636,"comment_status":"open","ping_status":"closed","sticky":false,"template":"","format":"standard","meta":{"_links_to":"","_links_to_target":""},"categories":[3280,3247],"tags":[2820,743,3696],"_links":{"self":[{"href":"https:\/\/www.locoxelrojo.com\/independiente\/wp-json\/wp\/v2\/posts\/110343"}],"collection":[{"href":"https:\/\/www.locoxelrojo.com\/independiente\/wp-json\/wp\/v2\/posts"}],"about":[{"href":"https:\/\/www.locoxelrojo.com\/independiente\/wp-json\/wp\/v2\/types\/post"}],"author":[{"embeddable":true,"href":"https:\/\/www.locoxelrojo.com\/independiente\/wp-json\/wp\/v2\/users\/1"}],"replies":[{"embeddable":true,"href":"https:\/\/www.locoxelrojo.com\/independiente\/wp-json\/wp\/v2\/comments?post=110343"}],"version-history":[{"count":1,"href":"https:\/\/www.locoxelrojo.com\/independiente\/wp-json\/wp\/v2\/posts\/110343\/revisions"}],"predecessor-version":[{"id":110344,"href":"https:\/\/www.locoxelrojo.com\/independiente\/wp-json\/wp\/v2\/posts\/110343\/revisions\/110344"}],"wp:featuredmedia":[{"embeddable":true,"href":"https:\/\/www.locoxelrojo.com\/independiente\/wp-json\/wp\/v2\/media\/107636"}],"wp:attachment":[{"href":"https:\/\/www.locoxelrojo.com\/independiente\/wp-json\/wp\/v2\/media?parent=110343"}],"wp:term":[{"taxonomy":"category","embeddable":true,"href":"https:\/\/www.locoxelrojo.com\/independiente\/wp-json\/wp\/v2\/categories?post=110343"},{"taxonomy":"post_tag","embeddable":true,"href":"https:\/\/www.locoxelrojo.com\/independiente\/wp-json\/wp\/v2\/tags?post=110343"}],"curies":[{"name":"wp","href":"https:\/\/api.w.org\/{rel}","templated":true}]}}