{"id":110372,"date":"2023-01-18T13:44:09","date_gmt":"2023-01-18T16:44:09","guid":{"rendered":"https:\/\/www.locoxelrojo.com\/independiente\/?p=110372"},"modified":"2023-01-18T18:08:52","modified_gmt":"2023-01-18T21:08:52","slug":"costa-oferta-de-talleres-y-1-nuevo-pretendiente","status":"publish","type":"post","link":"https:\/\/www.locoxelrojo.com\/independiente\/2023\/01\/18\/costa-oferta-de-talleres-y-1-nuevo-pretendiente\/","title":{"rendered":"Costa: oferta de Talleres y un nuevo pretendiente"},"content":{"rendered":"<p><strong>Talleres de C\u00f3rdoba ofert\u00f3 formalmente por Ayrton Costa<\/strong>, pero Independiente la <strong>rechaz\u00f3 de inmediato debido a la baja cifra<\/strong> que ofrecieron desde la T.<\/p>\n<p>Desde C\u00f3rdoba ofrecieron <strong>700.000 d\u00f3lares por el 100% del pase de Costa<\/strong>. La dirigencia del Rojo ni siquiera hizo una contraoferta y la descart\u00f3 por completo.<\/p>\n<p>Adem\u00e1s del inter\u00e9s -y ofrecimiento- de Talleres, <strong>tambi\u00e9n lo quiere Gabriel Heinze para Newell&#8217;s<\/strong>. La Lepra ya se comunic\u00f3 con la instituci\u00f3n para pedir condiciones por el defensor y lateral izquierdo.<\/p>\n<p>D\u00edas atr\u00e1s, <a href=\"https:\/\/www.locoxelrojo.com\/independiente\/2023\/01\/16\/caso-ayrton-costa-no-sale-a-prestamo\/\"><strong>Daniel Seoane<\/strong>, Secretario General del club, aclar\u00f3 que no se desprender\u00e1n de jugadores importantes para Leandro Stillitano: <strong>\u201cHabl\u00e9 con Talleres por Costa. No lo prestamos, no vamos a prestar titulares. Si llega una buena oferta, solo lo vendemos\u201d.<\/strong><\/a><\/p>\n<p>Costa es una pieza clave para el DT, dado su polifuncionalidad en defensa y es quien corre con ventaja para ser el lateral izquierdo titular en el torneo.<\/p>\n","protected":false},"excerpt":{"rendered":"<p>Talleres de C\u00f3rdoba ofert\u00f3 formalmente por Ayrton Costa, pero Independiente la rechaz\u00f3 de inmediato debido a la baja cifra que ofrecieron desde la T. Desde C\u00f3rdoba ofrecieron 700.000 d\u00f3lares por el 100% del pase de Costa. La dirigencia del Rojo ni siquiera hizo una contraoferta y la descart\u00f3 por completo. Adem\u00e1s del inter\u00e9s -y ofrecimiento- [&hellip;]<\/p>\n","protected":false},"author":101027,"featured_media":110373,"comment_status":"open","ping_status":"closed","sticky":false,"template":"","format":"standard","meta":{"_links_to":"","_links_to_target":""},"categories":[3280,3247],"tags":[4687,153,1567,529],"_links":{"self":[{"href":"https:\/\/www.locoxelrojo.com\/independiente\/wp-json\/wp\/v2\/posts\/110372"}],"collection":[{"href":"https:\/\/www.locoxelrojo.com\/independiente\/wp-json\/wp\/v2\/posts"}],"about":[{"href":"https:\/\/www.locoxelrojo.com\/independiente\/wp-json\/wp\/v2\/types\/post"}],"author":[{"embeddable":true,"href":"https:\/\/www.locoxelrojo.com\/independiente\/wp-json\/wp\/v2\/users\/101027"}],"replies":[{"embeddable":true,"href":"https:\/\/www.locoxelrojo.com\/independiente\/wp-json\/wp\/v2\/comments?post=110372"}],"version-history":[{"count":2,"href":"https:\/\/www.locoxelrojo.com\/independiente\/wp-json\/wp\/v2\/posts\/110372\/revisions"}],"predecessor-version":[{"id":110379,"href":"https:\/\/www.locoxelrojo.com\/independiente\/wp-json\/wp\/v2\/posts\/110372\/revisions\/110379"}],"wp:featuredmedia":[{"embeddable":true,"href":"https:\/\/www.locoxelrojo.com\/independiente\/wp-json\/wp\/v2\/media\/110373"}],"wp:attachment":[{"href":"https:\/\/www.locoxelrojo.com\/independiente\/wp-json\/wp\/v2\/media?parent=110372"}],"wp:term":[{"taxonomy":"category","embeddable":true,"href":"https:\/\/www.locoxelrojo.com\/independiente\/wp-json\/wp\/v2\/categories?post=110372"},{"taxonomy":"post_tag","embeddable":true,"href":"https:\/\/www.locoxelrojo.com\/independiente\/wp-json\/wp\/v2\/tags?post=110372"}],"curies":[{"name":"wp","href":"https:\/\/api.w.org\/{rel}","templated":true}]}}