{"id":110427,"date":"2023-01-21T18:00:08","date_gmt":"2023-01-21T21:00:08","guid":{"rendered":"https:\/\/www.locoxelrojo.com\/independiente\/?p=110427"},"modified":"2023-01-21T18:00:08","modified_gmt":"2023-01-21T21:00:08","slug":"otro-triunfo-de-la-reserva","status":"publish","type":"post","link":"https:\/\/www.locoxelrojo.com\/independiente\/2023\/01\/21\/otro-triunfo-de-la-reserva\/","title":{"rendered":"Otro triunfo de la Reserva"},"content":{"rendered":"<p><strong>La Reserva de Independiente disput\u00f3 un amistoso este s\u00e1bado por la ma\u00f1ana frente a Deportivo Espa\u00f1ol en el predio de Villa Dom\u00ednico. Gan\u00f3 2-0 con goles de Santiago Hidalgo.<\/strong><\/p>\n<p>Fueron dos tiempos de 45 minutos para los dirigidos por Pedro Monz\u00f3n. El Rojo sali\u00f3 a la cancha con: <strong>Manuel Tasso; Santiago Salle, Mart\u00edn Gonz\u00e1lez, Fernando Da Rosa, Agust\u00edn Quiroga; Tom\u00e1s Rambert, Rodrigo Atencio, David Mart\u00ednez, Joel Gonz\u00e1lez; Hidalgo y Santiago Ayala. <\/strong><\/p>\n<p><strong>Hidalgo convirti\u00f3 los dos tantos en la primera parte<\/strong>, mientras que en el complemento se mantuvo el resultado final. El juvenil de Santiago del Estero, de apenas 17 a\u00f1os, sigue con actuaciones destacadas y viene de realizar una muy buena pretemporada con el Plantel Profesional de Leandro Stillitano.<\/p>\n<p><strong>El viernes 27 de enero, desde las 9, ser\u00e1 el debut como local ante Talleres en el Torneo de Reserva para los de Monz\u00f3n.<\/strong><\/p>\n<blockquote class=\"twitter-tweet\">\n<p dir=\"ltr\" lang=\"es\">\u00a1Vamos, pibes! &#x1f44a;<\/p>\n<p>La <a href=\"https:\/\/twitter.com\/hashtag\/Reserva?src=hash&amp;ref_src=twsrc%5Etfw\">#Reserva<\/a> le gan\u00f3 a Deportivo Espa\u00f1ol por 2 a 0 con dos tantos de Santiago Hidalgo en la recta final de la preparaci\u00f3n para el campeonato.<a href=\"https:\/\/twitter.com\/hashtag\/TodoRojo?src=hash&amp;ref_src=twsrc%5Etfw\">#TodoRojo<\/a> &#x1f534; <a href=\"https:\/\/t.co\/By5cR9nVTn\">pic.twitter.com\/By5cR9nVTn<\/a><\/p>\n<p>\u2014 C. A. Independiente (@Independiente) <a href=\"https:\/\/twitter.com\/Independiente\/status\/1616872582854365186?ref_src=twsrc%5Etfw\">January 21, 2023<\/a><\/p><\/blockquote>\n<p><script async src=\"https:\/\/platform.twitter.com\/widgets.js\" charset=\"utf-8\"><\/script><\/p>\n","protected":false},"excerpt":{"rendered":"<p>La Reserva de Independiente disput\u00f3 un amistoso este s\u00e1bado por la ma\u00f1ana frente a Deportivo Espa\u00f1ol en el predio de Villa Dom\u00ednico. Gan\u00f3 2-0 con goles de Santiago Hidalgo. Fueron dos tiempos de 45 minutos para los dirigidos por Pedro Monz\u00f3n. El Rojo sali\u00f3 a la cancha con: Manuel Tasso; Santiago Salle, Mart\u00edn Gonz\u00e1lez, Fernando [&hellip;]<\/p>\n","protected":false},"author":1,"featured_media":110428,"comment_status":"open","ping_status":"closed","sticky":false,"template":"","format":"standard","meta":{"_links_to":"","_links_to_target":""},"categories":[3247,141],"tags":[2949,1742,231,4200],"_links":{"self":[{"href":"https:\/\/www.locoxelrojo.com\/independiente\/wp-json\/wp\/v2\/posts\/110427"}],"collection":[{"href":"https:\/\/www.locoxelrojo.com\/independiente\/wp-json\/wp\/v2\/posts"}],"about":[{"href":"https:\/\/www.locoxelrojo.com\/independiente\/wp-json\/wp\/v2\/types\/post"}],"author":[{"embeddable":true,"href":"https:\/\/www.locoxelrojo.com\/independiente\/wp-json\/wp\/v2\/users\/1"}],"replies":[{"embeddable":true,"href":"https:\/\/www.locoxelrojo.com\/independiente\/wp-json\/wp\/v2\/comments?post=110427"}],"version-history":[{"count":1,"href":"https:\/\/www.locoxelrojo.com\/independiente\/wp-json\/wp\/v2\/posts\/110427\/revisions"}],"predecessor-version":[{"id":110429,"href":"https:\/\/www.locoxelrojo.com\/independiente\/wp-json\/wp\/v2\/posts\/110427\/revisions\/110429"}],"wp:featuredmedia":[{"embeddable":true,"href":"https:\/\/www.locoxelrojo.com\/independiente\/wp-json\/wp\/v2\/media\/110428"}],"wp:attachment":[{"href":"https:\/\/www.locoxelrojo.com\/independiente\/wp-json\/wp\/v2\/media?parent=110427"}],"wp:term":[{"taxonomy":"category","embeddable":true,"href":"https:\/\/www.locoxelrojo.com\/independiente\/wp-json\/wp\/v2\/categories?post=110427"},{"taxonomy":"post_tag","embeddable":true,"href":"https:\/\/www.locoxelrojo.com\/independiente\/wp-json\/wp\/v2\/tags?post=110427"}],"curies":[{"name":"wp","href":"https:\/\/api.w.org\/{rel}","templated":true}]}}