{"id":110506,"date":"2023-01-25T12:28:58","date_gmt":"2023-01-25T15:28:58","guid":{"rendered":"https:\/\/www.locoxelrojo.com\/independiente\/?p=110506"},"modified":"2023-01-25T12:30:54","modified_gmt":"2023-01-25T15:30:54","slug":"ahora-si-oficialmente-inhibidos-por-el-america","status":"publish","type":"post","link":"https:\/\/www.locoxelrojo.com\/independiente\/2023\/01\/25\/ahora-si-oficialmente-inhibidos-por-el-america\/","title":{"rendered":"Ahora s\u00ed: Oficialmente inhibidos por el Am\u00e9rica"},"content":{"rendered":"<p>Como era de esperarse, <strong>Independiente qued\u00f3 formalmente inhibido por la deuda que mantiene con el Am\u00e9rica por Cecilio Dom\u00ednguez<\/strong>.<\/p>\n<p>Ayer, <a href=\"https:\/\/www.locoxelrojo.com\/independiente\/2023\/01\/24\/la-fifa-rechazo-el-pedido-del-america-no-hay-sancion\/\">la FIFA desestim\u00f3 la petici\u00f3n del club mexicano, el cual exig\u00eda una sanci\u00f3n disciplinaria mediante la quita de puntos y la p\u00e9rdida de la categor\u00eda hacia la instituci\u00f3n<\/a>. Sin embargo, volvieron a solicitar la inhibici\u00f3n y cay\u00f3 m\u00e1s temprano que tarde.<\/p>\n<p>De esta manera, el Rojo <strong>no podr\u00e1 incorporar jugadores a nivel nacional e internacional<\/strong> hasta que levante y abone lo correspondiente por el pase de Dom\u00ednguez: <strong>5.700.000 d\u00f3lares m\u00e1s 10.000 francos suizos en concepto de costas legales.<\/strong><\/p>\n<p><strong>Los jugadores que ya firmaron su contrato no corren riesgo de poder firmar planillas y est\u00e1n habilitados<\/strong> para jugar en caso de que Leandro Stillitano lo requiera.<\/p>\n<p><strong>\u201c<a href=\"https:\/\/www.locoxelrojo.com\/independiente\/2023\/01\/24\/seoane-no-llego-ninguna-oferta-por-barreto-y-la-de-costa-no-nos-conforma\/\">Tenemos un gran compromiso que es el Am\u00e9rica de M\u00e9xico. Si nosotros logramos vender para cancelar esa deuda, vamos a vender. Si no podemos cancelarla, no vamos a vender<\/a>\u201d<\/strong>, declar\u00f3 Daniel Seone, secretario general del club. La idea de la CD es saldar la deuda en este semestre.<\/p>\n","protected":false},"excerpt":{"rendered":"<p>Como era de esperarse, Independiente qued\u00f3 formalmente inhibido por la deuda que mantiene con el Am\u00e9rica por Cecilio Dom\u00ednguez. Ayer, la FIFA desestim\u00f3 la petici\u00f3n del club mexicano, el cual exig\u00eda una sanci\u00f3n disciplinaria mediante la quita de puntos y la p\u00e9rdida de la categor\u00eda hacia la instituci\u00f3n. Sin embargo, volvieron a solicitar la inhibici\u00f3n [&hellip;]<\/p>\n","protected":false},"author":101027,"featured_media":81302,"comment_status":"open","ping_status":"closed","sticky":false,"template":"","format":"standard","meta":{"_links_to":"","_links_to_target":""},"categories":[3280,3247],"tags":[3736,4104,153],"_links":{"self":[{"href":"https:\/\/www.locoxelrojo.com\/independiente\/wp-json\/wp\/v2\/posts\/110506"}],"collection":[{"href":"https:\/\/www.locoxelrojo.com\/independiente\/wp-json\/wp\/v2\/posts"}],"about":[{"href":"https:\/\/www.locoxelrojo.com\/independiente\/wp-json\/wp\/v2\/types\/post"}],"author":[{"embeddable":true,"href":"https:\/\/www.locoxelrojo.com\/independiente\/wp-json\/wp\/v2\/users\/101027"}],"replies":[{"embeddable":true,"href":"https:\/\/www.locoxelrojo.com\/independiente\/wp-json\/wp\/v2\/comments?post=110506"}],"version-history":[{"count":3,"href":"https:\/\/www.locoxelrojo.com\/independiente\/wp-json\/wp\/v2\/posts\/110506\/revisions"}],"predecessor-version":[{"id":110509,"href":"https:\/\/www.locoxelrojo.com\/independiente\/wp-json\/wp\/v2\/posts\/110506\/revisions\/110509"}],"wp:featuredmedia":[{"embeddable":true,"href":"https:\/\/www.locoxelrojo.com\/independiente\/wp-json\/wp\/v2\/media\/81302"}],"wp:attachment":[{"href":"https:\/\/www.locoxelrojo.com\/independiente\/wp-json\/wp\/v2\/media?parent=110506"}],"wp:term":[{"taxonomy":"category","embeddable":true,"href":"https:\/\/www.locoxelrojo.com\/independiente\/wp-json\/wp\/v2\/categories?post=110506"},{"taxonomy":"post_tag","embeddable":true,"href":"https:\/\/www.locoxelrojo.com\/independiente\/wp-json\/wp\/v2\/tags?post=110506"}],"curies":[{"name":"wp","href":"https:\/\/api.w.org\/{rel}","templated":true}]}}