{"id":110552,"date":"2023-01-27T19:10:08","date_gmt":"2023-01-27T22:10:08","guid":{"rendered":"https:\/\/www.locoxelrojo.com\/independiente\/?p=110552"},"modified":"2023-01-27T20:31:47","modified_gmt":"2023-01-27T23:31:47","slug":"asi-llega-la-talleres","status":"publish","type":"post","link":"https:\/\/www.locoxelrojo.com\/independiente\/2023\/01\/27\/asi-llega-la-talleres\/","title":{"rendered":"As\u00ed llega la T"},"content":{"rendered":"<p>En el debut de la Liga Profesional, <strong>Talleres recibe a Independiente en el Mario Alberto Kempes<\/strong>, donde <a href=\"https:\/\/www.locoxelrojo.com\/independiente\/2023\/01\/24\/venta-de-entradas-contra-talleres-en-el-kempes\/\">habr\u00e1 p\u00fablico de ambas parcialidades<\/a>.<\/p>\n<p>Luego de una larga pretemporada y varios amistosos, la <strong>T llega al partido contra el Rojo con 2 derrotas<\/strong> (1-0 ante Universidad Cat\u00f3lica de Ecuador y 2-1 vs Universidad de Chile). Pese a las ca\u00eddas, hace 6 d\u00edas <strong>se flore\u00f3 y vapule\u00f3 3-0 a su cl\u00e1sico rival, Belgrano, tambi\u00e9n en el Kempes<\/strong>.<\/p>\n<p>Los dirigidos por Javier Gandolfi, podr\u00e1n contar con sus \u00faltimas 2 incorporaciones en el mercado de pases: tanto <strong>David Zalazar<\/strong> como <strong>Ram\u00f3n Sosa<\/strong> (ambos extremos) forman parte de la lista de concentrados. Adem\u00e1s, aparecen <b>Juan Gabriel Rodr\u00edguez<\/b>, <b>Valent\u00edn Depietri, Juan Portillo, Franco Saavedra y, una figura del club que retorn\u00f3 de Europa, Nahuel Bustos.<\/b><\/p>\n<p>A su vez, Talleres sufri\u00f3 muchas bajas e importantes. A las salidas de <strong>Rafael P\u00e9rez, Mat\u00edas Esquivel, Mat\u00edas Godoy, H\u00e9ctor Fertoli, Juli\u00e1n Malatini y Enzo D\u00edaz<\/strong>, se le suma la de <strong>Diego Valoyes<\/strong>, quien no estar\u00e1 presente porque jugar\u00e1 un amistoso con la selecci\u00f3n colombiana.<\/p>\n<p>El <a href=\"https:\/\/www.youtube.com\/watch?v=fPwNkeSMvUg\"><strong>\u00faltimo partido oficial del conjunto cordob\u00e9s fue derrota en la final de la Copa Argentin<\/strong>a<\/a> el 30 de octubre de 2022 en manos de Patronato por 1-0.<\/p>\n<blockquote class=\"twitter-tweet\">\n<p dir=\"ltr\" lang=\"es\">&#x1f3df;&#xfe0f; <a href=\"https:\/\/twitter.com\/hashtag\/TalleresIndependiente?src=hash&amp;ref_src=twsrc%5Etfw\">#TalleresIndependiente<\/a><\/p>\n<p>&#x1f4cb; <a href=\"https:\/\/twitter.com\/hashtag\/Ospe?src=hash&amp;ref_src=twsrc%5Etfw\">#Ospe<\/a> presenta los convocados por Javier Gandolfi para enfrentar a <a href=\"https:\/\/twitter.com\/Independiente?ref_src=twsrc%5Etfw\">@Independiente<\/a> en la primera fecha de la <a href=\"https:\/\/twitter.com\/LigaAFA?ref_src=twsrc%5Etfw\">@LigaAFA<\/a><\/p>\n<p>&#x1f535;&#x26aa;&#xfe0f; <a href=\"https:\/\/twitter.com\/hashtag\/VamosTalleres?src=hash&amp;ref_src=twsrc%5Etfw\">#VamosTalleres<\/a> <a href=\"https:\/\/twitter.com\/hashtag\/TorneoBinance?src=hash&amp;ref_src=twsrc%5Etfw\">#TorneoBinance<\/a> &#x1f3c6; <a href=\"https:\/\/t.co\/gkCQqSCB0C\">pic.twitter.com\/gkCQqSCB0C<\/a><\/p>\n<p>\u2014 CATalleresdecba (@CATalleresdecba) <a href=\"https:\/\/twitter.com\/CATalleresdecba\/status\/1619103860290904064?ref_src=twsrc%5Etfw\">January 27, 2023<\/a><\/p><\/blockquote>\n<p><script async src=\"https:\/\/platform.twitter.com\/widgets.js\" charset=\"utf-8\"><\/script><\/p>\n","protected":false},"excerpt":{"rendered":"<p>En el debut de la Liga Profesional, Talleres recibe a Independiente en el Mario Alberto Kempes, donde habr\u00e1 p\u00fablico de ambas parcialidades. Luego de una larga pretemporada y varios amistosos, la T llega al partido contra el Rojo con 2 derrotas (1-0 ante Universidad Cat\u00f3lica de Ecuador y 2-1 vs Universidad de Chile). Pese a [&hellip;]<\/p>\n","protected":false},"author":101027,"featured_media":110555,"comment_status":"open","ping_status":"closed","sticky":false,"template":"","format":"standard","meta":{"_links_to":"","_links_to_target":""},"categories":[1990,3247],"tags":[3275,5353,529],"_links":{"self":[{"href":"https:\/\/www.locoxelrojo.com\/independiente\/wp-json\/wp\/v2\/posts\/110552"}],"collection":[{"href":"https:\/\/www.locoxelrojo.com\/independiente\/wp-json\/wp\/v2\/posts"}],"about":[{"href":"https:\/\/www.locoxelrojo.com\/independiente\/wp-json\/wp\/v2\/types\/post"}],"author":[{"embeddable":true,"href":"https:\/\/www.locoxelrojo.com\/independiente\/wp-json\/wp\/v2\/users\/101027"}],"replies":[{"embeddable":true,"href":"https:\/\/www.locoxelrojo.com\/independiente\/wp-json\/wp\/v2\/comments?post=110552"}],"version-history":[{"count":2,"href":"https:\/\/www.locoxelrojo.com\/independiente\/wp-json\/wp\/v2\/posts\/110552\/revisions"}],"predecessor-version":[{"id":110557,"href":"https:\/\/www.locoxelrojo.com\/independiente\/wp-json\/wp\/v2\/posts\/110552\/revisions\/110557"}],"wp:featuredmedia":[{"embeddable":true,"href":"https:\/\/www.locoxelrojo.com\/independiente\/wp-json\/wp\/v2\/media\/110555"}],"wp:attachment":[{"href":"https:\/\/www.locoxelrojo.com\/independiente\/wp-json\/wp\/v2\/media?parent=110552"}],"wp:term":[{"taxonomy":"category","embeddable":true,"href":"https:\/\/www.locoxelrojo.com\/independiente\/wp-json\/wp\/v2\/categories?post=110552"},{"taxonomy":"post_tag","embeddable":true,"href":"https:\/\/www.locoxelrojo.com\/independiente\/wp-json\/wp\/v2\/tags?post=110552"}],"curies":[{"name":"wp","href":"https:\/\/api.w.org\/{rel}","templated":true}]}}