{"id":110561,"date":"2023-01-28T14:44:26","date_gmt":"2023-01-28T17:44:26","guid":{"rendered":"https:\/\/www.locoxelrojo.com\/independiente\/?p=110561"},"modified":"2023-01-28T15:00:30","modified_gmt":"2023-01-28T18:00:30","slug":"a-comenzar-con-el-pie-derecho","status":"publish","type":"post","link":"https:\/\/www.locoxelrojo.com\/independiente\/2023\/01\/28\/a-comenzar-con-el-pie-derecho\/","title":{"rendered":"A comenzar con el pie derecho"},"content":{"rendered":"<p><strong>Independiente<\/strong> visitar\u00e1 a <strong>Talleres de C\u00f3rdoba<\/strong> en el Mario Alberto Kempes en el debut de la<strong> Liga Profesional<\/strong>. El \u00e1rbitro ser\u00e1<strong> Hern\u00e1n Mastr\u00e1ngelo<\/strong> y habr\u00e1 p\u00fablico de ambos bandos.<\/p>\n<p>Se termin\u00f3 la espera y, despu\u00e9s de casi 2 meses de pretemporada y amistosos, vuelve el f\u00fatbol Argentino. En este caso, torneo largo de 27 fechas.<\/p>\n<p>El Rojo <strong>tendr\u00e1 a disposici\u00f3n a 9 de los 11 refuerzos que llegaron en este mercado de pases<\/strong>. Los \u00fanicos que no integraron la n\u00f3mina fueron los \u00faltimos en arribar al club: Baltasar Barcia y Mart\u00edn Sarrafiore, adem\u00e1s de <a href=\"https:\/\/www.locoxelrojo.com\/independiente\/2023\/01\/27\/sin-minutos-de-vallejo-argentina-quedo-eliminada\/\">Nicol\u00e1s Vallejo, quien estuvo involucrado con la selecci\u00f3n argentina sub-20<\/a>.<\/p>\n<p>Por el otro lado, la T viene dulce tras golear a su cl\u00e1sico rival, Belgrano, en su \u00faltimo amistoso. Entre los concentrados, <a href=\"https:\/\/www.locoxelrojo.com\/independiente\/2023\/01\/27\/asi-llega-la-talleres\/\">aparece Nahuel Bustos, una de sus refuerzos y principales figuras del equipo<\/a>.<\/p>\n<h3>Probables formaciones<\/h3>\n<p><strong>Independiente<\/strong>: Rodrigo Rey; Luciano G\u00f3mez, Sergio Barreto, Edgar Elizalde, Ayrton Costa; Iv\u00e1n Marcone, Agust\u00edn Mulet; Tom\u00e1s Pozzo, Juan Cazares, Rodrigo M\u00e1rquez; Mat\u00edas Gim\u00e9nez.<br \/>\n<strong>DT<\/strong>: Leandro Stillitano<\/p>\n<p><strong>Talleres<\/strong>: Guido\u00a0Herrera;\u00a0Julio\u00a0Buffarini, Gast\u00f3n\u00a0Benav\u00eddez, Juan Gabriel\u00a0Rodr\u00edguez,\u00a0\u00c1ngelo Martino; Alan\u00a0Franco, Rodrigo\u00a0Villagra;\u00a0Rodrigo\u00a0Garro, Nahuel Bustos, Francisco\u00a0Pizzini;\u00a0y\u00a0Michael\u00a0Santos.<br \/>\n<strong>DT<\/strong>: Javier Gandolfi<\/p>\n<p><strong>\u00c1rbitro:\u00a0<\/strong>Hern\u00e1n Mastr\u00e1ngelo<\/p>\n<p><strong>Hora:<\/strong> 19.15<\/p>\n<p><strong>Estadio:<\/strong> Mario Alberto Kempes<\/p>\n<p><strong>TV:<\/strong>\u00a0ESPN Premium.<\/p>\n","protected":false},"excerpt":{"rendered":"<p>Independiente visitar\u00e1 a Talleres de C\u00f3rdoba en el Mario Alberto Kempes en el debut de la Liga Profesional. El \u00e1rbitro ser\u00e1 Hern\u00e1n Mastr\u00e1ngelo y habr\u00e1 p\u00fablico de ambos bandos. Se termin\u00f3 la espera y, despu\u00e9s de casi 2 meses de pretemporada y amistosos, vuelve el f\u00fatbol Argentino. En este caso, torneo largo de 27 fechas. [&hellip;]<\/p>\n","protected":false},"author":101027,"featured_media":110322,"comment_status":"open","ping_status":"closed","sticky":false,"template":"","format":"standard","meta":{"_links_to":"","_links_to_target":""},"categories":[3247,2007],"tags":[153,3393,3862,5275,529],"_links":{"self":[{"href":"https:\/\/www.locoxelrojo.com\/independiente\/wp-json\/wp\/v2\/posts\/110561"}],"collection":[{"href":"https:\/\/www.locoxelrojo.com\/independiente\/wp-json\/wp\/v2\/posts"}],"about":[{"href":"https:\/\/www.locoxelrojo.com\/independiente\/wp-json\/wp\/v2\/types\/post"}],"author":[{"embeddable":true,"href":"https:\/\/www.locoxelrojo.com\/independiente\/wp-json\/wp\/v2\/users\/101027"}],"replies":[{"embeddable":true,"href":"https:\/\/www.locoxelrojo.com\/independiente\/wp-json\/wp\/v2\/comments?post=110561"}],"version-history":[{"count":1,"href":"https:\/\/www.locoxelrojo.com\/independiente\/wp-json\/wp\/v2\/posts\/110561\/revisions"}],"predecessor-version":[{"id":110562,"href":"https:\/\/www.locoxelrojo.com\/independiente\/wp-json\/wp\/v2\/posts\/110561\/revisions\/110562"}],"wp:featuredmedia":[{"embeddable":true,"href":"https:\/\/www.locoxelrojo.com\/independiente\/wp-json\/wp\/v2\/media\/110322"}],"wp:attachment":[{"href":"https:\/\/www.locoxelrojo.com\/independiente\/wp-json\/wp\/v2\/media?parent=110561"}],"wp:term":[{"taxonomy":"category","embeddable":true,"href":"https:\/\/www.locoxelrojo.com\/independiente\/wp-json\/wp\/v2\/categories?post=110561"},{"taxonomy":"post_tag","embeddable":true,"href":"https:\/\/www.locoxelrojo.com\/independiente\/wp-json\/wp\/v2\/tags?post=110561"}],"curies":[{"name":"wp","href":"https:\/\/api.w.org\/{rel}","templated":true}]}}