{"id":110626,"date":"2023-01-30T15:47:43","date_gmt":"2023-01-30T18:47:43","guid":{"rendered":"https:\/\/www.locoxelrojo.com\/independiente\/?p=110626"},"modified":"2023-01-30T15:47:43","modified_gmt":"2023-01-30T18:47:43","slug":"seoane-no-entendemos-como-le-firmaron-un-contrato-tan-alto-a-hachen","status":"publish","type":"post","link":"https:\/\/www.locoxelrojo.com\/independiente\/2023\/01\/30\/seoane-no-entendemos-como-le-firmaron-un-contrato-tan-alto-a-hachen\/","title":{"rendered":"Seoane: &#8220;No entendemos c\u00f3mo le firmaron un contrato tan alto a Hachen&#8221;"},"content":{"rendered":"<p><strong>Daniel Seoane<\/strong> aclar\u00f3 la situaci\u00f3n de<strong> Gabriel Hachen<\/strong> en Independiente y <strong>le carg\u00f3 la responsabilidad a la comisi\u00f3n anterior<\/strong> por haber firmado un contrato tan alto.<\/p>\n<p><b>&#8220;No entendemos c\u00f3mo le firmaron un contrato tan alto a Hachen. Es una verg\u00fcenza lo que hizo la anterior comisi\u00f3n. Hab\u00edamos acordado con su representante un n\u00famero para rescindir. Pero quiere todo junto y ofrecimos cuotas&#8221;<\/b>, arranc\u00f3 el Secretario General del club.<\/p>\n<p>Adem\u00e1s, agreg\u00f3: <strong>&#8220;Fue a Agremiados a pedir la libertad de acci\u00f3n pero le depositamos dos sueldos para no tener problemas. La idea es solucionar para no tener problemas a futuro&#8221;<\/strong>.<\/p>\n<p><strong>&#8220;Hoy, con la inhibici\u00f3n no podemos buscar reemplazos en caso que se vaya alg\u00fan jugador. La idea es vender en Junio para poder pagar la deuda con el Am\u00e9rica&#8221;<\/strong>, asegur\u00f3 en en Independiente de Am\u00e9rica.<\/p>\n<p><strong>&#8220;Cuando Talleres y Newell&#8217;s pidieron cotizaci\u00f3n por Costa nos ofrec\u00edan mucho menos. <a href=\"https:\/\/www.locoxelrojo.com\/independiente\/2023\/01\/28\/triunfazo-en-cordoba\/\">Con el partido que hizo el s\u00e1bado, pensamos en lo deportivo<\/a>. Deber\u00eda ser una suma muy importante&#8221;<\/strong>, destac\u00f3 Seoane.<\/p>\n<p>Por \u00faltimo, habl\u00f3 sobre el cartel que est\u00e1 en los alrededores del predio de Villa Dom\u00ednico: <strong>&#8220;El cartel est\u00e1 tercerizado. Cuando llegamos estaba vencido como muchos contratos. No hab\u00eda ning\u00fan ingreso de publicidad por cartel en 2022. Hicimos un contrato nuevo. Le pedimos que bajen la publicidad pol\u00edtica&#8221;<\/strong>.<\/p>\n","protected":false},"excerpt":{"rendered":"<p>Daniel Seoane aclar\u00f3 la situaci\u00f3n de Gabriel Hachen en Independiente y le carg\u00f3 la responsabilidad a la comisi\u00f3n anterior por haber firmado un contrato tan alto. &#8220;No entendemos c\u00f3mo le firmaron un contrato tan alto a Hachen. Es una verg\u00fcenza lo que hizo la anterior comisi\u00f3n. Hab\u00edamos acordado con su representante un n\u00famero para rescindir. [&hellip;]<\/p>\n","protected":false},"author":101027,"featured_media":110631,"comment_status":"open","ping_status":"closed","sticky":false,"template":"","format":"standard","meta":{"_links_to":"","_links_to_target":""},"categories":[3280,3247],"tags":[153,1793,5217],"_links":{"self":[{"href":"https:\/\/www.locoxelrojo.com\/independiente\/wp-json\/wp\/v2\/posts\/110626"}],"collection":[{"href":"https:\/\/www.locoxelrojo.com\/independiente\/wp-json\/wp\/v2\/posts"}],"about":[{"href":"https:\/\/www.locoxelrojo.com\/independiente\/wp-json\/wp\/v2\/types\/post"}],"author":[{"embeddable":true,"href":"https:\/\/www.locoxelrojo.com\/independiente\/wp-json\/wp\/v2\/users\/101027"}],"replies":[{"embeddable":true,"href":"https:\/\/www.locoxelrojo.com\/independiente\/wp-json\/wp\/v2\/comments?post=110626"}],"version-history":[{"count":2,"href":"https:\/\/www.locoxelrojo.com\/independiente\/wp-json\/wp\/v2\/posts\/110626\/revisions"}],"predecessor-version":[{"id":110632,"href":"https:\/\/www.locoxelrojo.com\/independiente\/wp-json\/wp\/v2\/posts\/110626\/revisions\/110632"}],"wp:featuredmedia":[{"embeddable":true,"href":"https:\/\/www.locoxelrojo.com\/independiente\/wp-json\/wp\/v2\/media\/110631"}],"wp:attachment":[{"href":"https:\/\/www.locoxelrojo.com\/independiente\/wp-json\/wp\/v2\/media?parent=110626"}],"wp:term":[{"taxonomy":"category","embeddable":true,"href":"https:\/\/www.locoxelrojo.com\/independiente\/wp-json\/wp\/v2\/categories?post=110626"},{"taxonomy":"post_tag","embeddable":true,"href":"https:\/\/www.locoxelrojo.com\/independiente\/wp-json\/wp\/v2\/tags?post=110626"}],"curies":[{"name":"wp","href":"https:\/\/api.w.org\/{rel}","templated":true}]}}