{"id":110673,"date":"2023-02-01T11:20:30","date_gmt":"2023-02-01T14:20:30","guid":{"rendered":"https:\/\/www.locoxelrojo.com\/independiente\/?p=110673"},"modified":"2023-02-01T17:14:45","modified_gmt":"2023-02-01T20:14:45","slug":"enfocados-en-platense","status":"publish","type":"post","link":"https:\/\/www.locoxelrojo.com\/independiente\/2023\/02\/01\/enfocados-en-platense\/","title":{"rendered":"Enfocados en Platense"},"content":{"rendered":"<p>El plantel de Independiente se prepara para recibir a Platense, este domingo desde las 17 en el Libertadores de Am\u00e9rica &#8211; Ricardo Enrique Bochini.<strong> Leandro Stillitano empieza armar el rompecabezas del equipo, ante algunas bajas. <\/strong><\/p>\n<p>La pr\u00e1ctica de este mi\u00e9rcoles fue abierta para la prensa en el predio de Villa Dom\u00ednico. Ah\u00ed, <strong>se pudo visualizar un trabajo t\u00e1ctico donde el entrenador par\u00f3 un equipo pensando en el Calamar. En el once apareci\u00f3 Baltasar Barcia, uno de los refuerzos que a\u00fan no tuvo minutos de f\u00fatbol, ni siquiera en amistosos. <\/strong><\/p>\n<p><strong>Rodrigo Rey; Patricio Ostachuk, Sergio Barreto, Edgar Elizalde, Ayrton Costa; Baltasar Barcia, Agust\u00edn Mulet, Juan Cazares; Tom\u00e1s Pozzo, Mat\u00edas Gim\u00e9nez y Rodrigo M\u00e1rquez<\/strong>, fueron los elegidos por Stillitano. Hay que recordar que el entrenador no podr\u00e1 contar con <strong>Luciano G\u00f3mez (lesionado) e Iv\u00e1n Marcone (suspendido)<\/strong>.<\/p>\n<p>Para el lateral derecho, otra de las variantes puede ser <strong>Javier B\u00e1ez<\/strong>, quien <a href=\"https:\/\/www.locoxelrojo.com\/independiente\/2023\/01\/31\/amistoso-para-los-suplentes-de-independiente\/\">en el amistoso de ayer ante Independiente de Chivilcoy<\/a> jug\u00f3 en esa posici\u00f3n. En la mitad de la cancha est\u00e1 <strong>Kevin L\u00f3pez y Sergio Ort\u00edz<\/strong>, mientras que <strong>Nicol\u00e1s Vallejo<\/strong> ya regres\u00f3 de su paso por la Selecci\u00f3n Argentina Sub 20 y podr\u00eda meterse en el equipo y retrasar unos metros a Pozzo.<\/p>\n","protected":false},"excerpt":{"rendered":"<p>El plantel de Independiente se prepara para recibir a Platense, este domingo desde las 17 en el Libertadores de Am\u00e9rica &#8211; Ricardo Enrique Bochini. Leandro Stillitano empieza armar el rompecabezas del equipo, ante algunas bajas. La pr\u00e1ctica de este mi\u00e9rcoles fue abierta para la prensa en el predio de Villa Dom\u00ednico. Ah\u00ed, se pudo visualizar [&hellip;]<\/p>\n","protected":false},"author":1,"featured_media":110677,"comment_status":"open","ping_status":"closed","sticky":false,"template":"","format":"standard","meta":{"_links_to":"","_links_to_target":""},"categories":[3247,3],"tags":[26,2729,221,5303,4092,5325,5186,4582,172],"_links":{"self":[{"href":"https:\/\/www.locoxelrojo.com\/independiente\/wp-json\/wp\/v2\/posts\/110673"}],"collection":[{"href":"https:\/\/www.locoxelrojo.com\/independiente\/wp-json\/wp\/v2\/posts"}],"about":[{"href":"https:\/\/www.locoxelrojo.com\/independiente\/wp-json\/wp\/v2\/types\/post"}],"author":[{"embeddable":true,"href":"https:\/\/www.locoxelrojo.com\/independiente\/wp-json\/wp\/v2\/users\/1"}],"replies":[{"embeddable":true,"href":"https:\/\/www.locoxelrojo.com\/independiente\/wp-json\/wp\/v2\/comments?post=110673"}],"version-history":[{"count":1,"href":"https:\/\/www.locoxelrojo.com\/independiente\/wp-json\/wp\/v2\/posts\/110673\/revisions"}],"predecessor-version":[{"id":110678,"href":"https:\/\/www.locoxelrojo.com\/independiente\/wp-json\/wp\/v2\/posts\/110673\/revisions\/110678"}],"wp:featuredmedia":[{"embeddable":true,"href":"https:\/\/www.locoxelrojo.com\/independiente\/wp-json\/wp\/v2\/media\/110677"}],"wp:attachment":[{"href":"https:\/\/www.locoxelrojo.com\/independiente\/wp-json\/wp\/v2\/media?parent=110673"}],"wp:term":[{"taxonomy":"category","embeddable":true,"href":"https:\/\/www.locoxelrojo.com\/independiente\/wp-json\/wp\/v2\/categories?post=110673"},{"taxonomy":"post_tag","embeddable":true,"href":"https:\/\/www.locoxelrojo.com\/independiente\/wp-json\/wp\/v2\/tags?post=110673"}],"curies":[{"name":"wp","href":"https:\/\/api.w.org\/{rel}","templated":true}]}}