{"id":110847,"date":"2023-02-09T16:00:14","date_gmt":"2023-02-09T19:00:14","guid":{"rendered":"https:\/\/www.locoxelrojo.com\/independiente\/?p=110847"},"modified":"2023-02-09T18:11:45","modified_gmt":"2023-02-09T21:11:45","slug":"laso-se-mete-en-el-once","status":"publish","type":"post","link":"https:\/\/www.locoxelrojo.com\/independiente\/2023\/02\/09\/laso-se-mete-en-el-once\/","title":{"rendered":"Laso, se mete en el once"},"content":{"rendered":"<p><strong>Joaqu\u00edn Laso ser\u00e1 quien reemplace a Sergio Barreto tras la decisi\u00f3n que tom\u00f3 Independiente.<\/strong><\/p>\n<p><a href=\"https:\/\/www.locoxelrojo.com\/independiente\/2023\/02\/09\/barreto-apartado-ante-velez\/\">La separaci\u00f3n del plantel profesional de Barreto<\/a> hasta saber que pasar\u00e1 con la renovaci\u00f3n de su contrato le abri\u00f3 la puerta a Laso para meterse en el once inicial. En la ma\u00f1ana de este jueves en el Libertadores de Am\u00e9rica &#8211; Ricardo Enrique Bochini, <strong>Leandro Stillitano us\u00f3 al central para reemplazar a Checho en los trabajos t\u00e1cticos pensando en V\u00e9lez.<\/strong><\/p>\n<p>En cuanto al resto del equipo, el entrenador par\u00f3 los mismos jugadores con los que viene trabajando durante esta semana. <strong>Javier B\u00e1ez continuar\u00e1 en el lateral derecho, Iv\u00e1n Marcone vuelve a la titularidad, Kevin L\u00f3pez se mantiene en la mitad de la cancha y Nicol\u00e1s Vallejo se suma al ataque. Barreto, Tom\u00e1s Pozzo y Juan Cazares son los que salen.<\/strong><\/p>\n<p>De esta manera, los que estar\u00e1n en Liniers, ser\u00edan: <strong>Rodrigo Rey; B\u00e1ez, Laso, Edgar Elizalde, Ayrton Costa; Agust\u00edn Mulet, Iv\u00e1n Marcone, Kevin L\u00f3pez; Vallejo, Mat\u00edas Gim\u00e9nez y Rodrigo M\u00e1rquez<\/strong>.<\/p>\n","protected":false},"excerpt":{"rendered":"<p>Joaqu\u00edn Laso ser\u00e1 quien reemplace a Sergio Barreto tras la decisi\u00f3n que tom\u00f3 Independiente. La separaci\u00f3n del plantel profesional de Barreto hasta saber que pasar\u00e1 con la renovaci\u00f3n de su contrato le abri\u00f3 la puerta a Laso para meterse en el once inicial. En la ma\u00f1ana de este jueves en el Libertadores de Am\u00e9rica &#8211; [&hellip;]<\/p>\n","protected":false},"author":1,"featured_media":110848,"comment_status":"open","ping_status":"closed","sticky":false,"template":"","format":"standard","meta":{"_links_to":"","_links_to_target":""},"categories":[3247,3],"tags":[26,4923,4092,3696],"_links":{"self":[{"href":"https:\/\/www.locoxelrojo.com\/independiente\/wp-json\/wp\/v2\/posts\/110847"}],"collection":[{"href":"https:\/\/www.locoxelrojo.com\/independiente\/wp-json\/wp\/v2\/posts"}],"about":[{"href":"https:\/\/www.locoxelrojo.com\/independiente\/wp-json\/wp\/v2\/types\/post"}],"author":[{"embeddable":true,"href":"https:\/\/www.locoxelrojo.com\/independiente\/wp-json\/wp\/v2\/users\/1"}],"replies":[{"embeddable":true,"href":"https:\/\/www.locoxelrojo.com\/independiente\/wp-json\/wp\/v2\/comments?post=110847"}],"version-history":[{"count":1,"href":"https:\/\/www.locoxelrojo.com\/independiente\/wp-json\/wp\/v2\/posts\/110847\/revisions"}],"predecessor-version":[{"id":110849,"href":"https:\/\/www.locoxelrojo.com\/independiente\/wp-json\/wp\/v2\/posts\/110847\/revisions\/110849"}],"wp:featuredmedia":[{"embeddable":true,"href":"https:\/\/www.locoxelrojo.com\/independiente\/wp-json\/wp\/v2\/media\/110848"}],"wp:attachment":[{"href":"https:\/\/www.locoxelrojo.com\/independiente\/wp-json\/wp\/v2\/media?parent=110847"}],"wp:term":[{"taxonomy":"category","embeddable":true,"href":"https:\/\/www.locoxelrojo.com\/independiente\/wp-json\/wp\/v2\/categories?post=110847"},{"taxonomy":"post_tag","embeddable":true,"href":"https:\/\/www.locoxelrojo.com\/independiente\/wp-json\/wp\/v2\/tags?post=110847"}],"curies":[{"name":"wp","href":"https:\/\/api.w.org\/{rel}","templated":true}]}}