{"id":110865,"date":"2023-02-10T18:01:12","date_gmt":"2023-02-10T21:01:12","guid":{"rendered":"https:\/\/www.locoxelrojo.com\/independiente\/?p=110865"},"modified":"2023-02-10T18:01:12","modified_gmt":"2023-02-10T21:01:12","slug":"nueva-reunion-y-mejora-en-el-contrato-para-barreto","status":"publish","type":"post","link":"https:\/\/www.locoxelrojo.com\/independiente\/2023\/02\/10\/nueva-reunion-y-mejora-en-el-contrato-para-barreto\/","title":{"rendered":"Nueva reuni\u00f3n y mejora en el contrato para Barreto"},"content":{"rendered":"<p><strong>Los dirigentes de Independiente se reunieron con Sergio Barreto para tratar de resolver su problema contractual.<\/strong><\/p>\n<p>Tras la pr\u00e1ctica de este viernes en el Libertadores de Am\u00e9rica &#8211; Ricardo Enrique Bochini, <strong>Daniel Seoane y Barreto tuvieron su charla cara a cara.<\/strong> El secretario general del club le mostr\u00f3 cu\u00e1l era <a href=\"https:\/\/www.locoxelrojo.com\/independiente\/2023\/02\/09\/barreto-apartado-ante-velez\/\">el contrato que se le ofreci\u00f3 a su representante Adri\u00e1n Palma que fue rechazado y por el que se lleg\u00f3 a la decisi\u00f3n de separarlo<\/a>.<\/p>\n<p>Igualmente, <strong>Seoane le present\u00f3 una nueva oferta superior a la anterior y se le dej\u00f3 en claro que el club necesita venderlo y no va a poner trabas ante una futura oferta que sea satisfactoria para ambas partes<\/strong>. Tambi\u00e9n, <strong>se baraj\u00f3 la posibilidad de reducir la clausula de salida en caso de renovar<\/strong>.<\/p>\n<p>El jugador manifest\u00f3 desconocer todos estos detalles, ya que dej\u00f3 todo en manos de su representante, y <strong>pidi\u00f3 unos d\u00edas para que analicen en conjunto este nuevo contrato<\/strong>. Mientras tanto, Checho continuar\u00e1 marginado y no ser\u00e1 de la partida ante V\u00e9lez.<\/p>\n","protected":false},"excerpt":{"rendered":"<p>Los dirigentes de Independiente se reunieron con Sergio Barreto para tratar de resolver su problema contractual. Tras la pr\u00e1ctica de este viernes en el Libertadores de Am\u00e9rica &#8211; Ricardo Enrique Bochini, Daniel Seoane y Barreto tuvieron su charla cara a cara. El secretario general del club le mostr\u00f3 cu\u00e1l era el contrato que se le [&hellip;]<\/p>\n","protected":false},"author":1,"featured_media":110438,"comment_status":"open","ping_status":"closed","sticky":false,"template":"","format":"standard","meta":{"_links_to":"","_links_to_target":""},"categories":[3280,3247],"tags":[153,1793,3696],"_links":{"self":[{"href":"https:\/\/www.locoxelrojo.com\/independiente\/wp-json\/wp\/v2\/posts\/110865"}],"collection":[{"href":"https:\/\/www.locoxelrojo.com\/independiente\/wp-json\/wp\/v2\/posts"}],"about":[{"href":"https:\/\/www.locoxelrojo.com\/independiente\/wp-json\/wp\/v2\/types\/post"}],"author":[{"embeddable":true,"href":"https:\/\/www.locoxelrojo.com\/independiente\/wp-json\/wp\/v2\/users\/1"}],"replies":[{"embeddable":true,"href":"https:\/\/www.locoxelrojo.com\/independiente\/wp-json\/wp\/v2\/comments?post=110865"}],"version-history":[{"count":1,"href":"https:\/\/www.locoxelrojo.com\/independiente\/wp-json\/wp\/v2\/posts\/110865\/revisions"}],"predecessor-version":[{"id":110866,"href":"https:\/\/www.locoxelrojo.com\/independiente\/wp-json\/wp\/v2\/posts\/110865\/revisions\/110866"}],"wp:featuredmedia":[{"embeddable":true,"href":"https:\/\/www.locoxelrojo.com\/independiente\/wp-json\/wp\/v2\/media\/110438"}],"wp:attachment":[{"href":"https:\/\/www.locoxelrojo.com\/independiente\/wp-json\/wp\/v2\/media?parent=110865"}],"wp:term":[{"taxonomy":"category","embeddable":true,"href":"https:\/\/www.locoxelrojo.com\/independiente\/wp-json\/wp\/v2\/categories?post=110865"},{"taxonomy":"post_tag","embeddable":true,"href":"https:\/\/www.locoxelrojo.com\/independiente\/wp-json\/wp\/v2\/tags?post=110865"}],"curies":[{"name":"wp","href":"https:\/\/api.w.org\/{rel}","templated":true}]}}