{"id":110872,"date":"2023-02-10T19:39:35","date_gmt":"2023-02-10T22:39:35","guid":{"rendered":"https:\/\/www.locoxelrojo.com\/independiente\/?p=110872"},"modified":"2023-02-10T21:07:37","modified_gmt":"2023-02-11T00:07:37","slug":"tres-cambios-para-ir-a-liniers","status":"publish","type":"post","link":"https:\/\/www.locoxelrojo.com\/independiente\/2023\/02\/10\/tres-cambios-para-ir-a-liniers\/","title":{"rendered":"Tres cambios para ir a Liniers"},"content":{"rendered":"<p>Independiente entren\u00f3 este viernes en el Libertadores de Am\u00e9rica &#8211; Ricardo Enrique Bochini, donde <strong>Leandro Stillitano par\u00f3 un probable equipo para jugar con V\u00e9lez<\/strong>.<\/p>\n<p>Se viene la fecha 3 de la Liga Profesional y el Rojo visitar\u00e1 al Fort\u00edn este s\u00e1bado a partir de las 21:30. A la baja de <strong>Luciano G\u00f3mez<\/strong> por lesi\u00f3n el entrenador deber\u00e1 sumarle <a href=\"https:\/\/www.locoxelrojo.com\/independiente\/2023\/02\/10\/la-sancion-para-el-pato\/\">la suspensi\u00f3n de <strong>Patricio Ostachuk<\/strong><\/a>. Adem\u00e1s, por su conflicto contractual, <strong><a href=\"https:\/\/www.locoxelrojo.com\/independiente\/2023\/02\/09\/barreto-apartado-ante-velez\/\">Sergio Barreto<\/a><\/strong> qued\u00f3 marginado. Por eso, <strong>habr\u00e1 tres cambios en el once inicial<\/strong>.<\/p>\n<p><strong>Joaqu\u00edn Laso es el reemplazante de Barreto. Iv\u00e1n Marcone regresa tras cumplir su sanci\u00f3n, mientras que Nicol\u00e1s Vallejo tendr\u00e1 su chance para jugar desde el arranque. Juan Cazares y Tom\u00e1s Pozzo les dejar\u00e1n sus lugares.<\/strong><\/p>\n<p>De esta manera, el probable equipo ser\u00eda: <strong>Rodrigo Rey; Javier B\u00e1ez, Laso, Edgar Elizalde, Ayrton Costa; Agust\u00edn Mulet, Marcone; Vallejo, Kevin L\u00f3pez, Rodrigo M\u00e1rquez y Mat\u00edas Gim\u00e9nez.<\/strong><\/p>\n","protected":false},"excerpt":{"rendered":"<p>Independiente entren\u00f3 este viernes en el Libertadores de Am\u00e9rica &#8211; Ricardo Enrique Bochini, donde Leandro Stillitano par\u00f3 un probable equipo para jugar con V\u00e9lez. Se viene la fecha 3 de la Liga Profesional y el Rojo visitar\u00e1 al Fort\u00edn este s\u00e1bado a partir de las 21:30. A la baja de Luciano G\u00f3mez por lesi\u00f3n el [&hellip;]<\/p>\n","protected":false},"author":1,"featured_media":110874,"comment_status":"open","ping_status":"closed","sticky":false,"template":"","format":"standard","meta":{"_links_to":"","_links_to_target":""},"categories":[3247,3],"tags":[26,5090,2729,4923,5141,5186,3696,4255],"_links":{"self":[{"href":"https:\/\/www.locoxelrojo.com\/independiente\/wp-json\/wp\/v2\/posts\/110872"}],"collection":[{"href":"https:\/\/www.locoxelrojo.com\/independiente\/wp-json\/wp\/v2\/posts"}],"about":[{"href":"https:\/\/www.locoxelrojo.com\/independiente\/wp-json\/wp\/v2\/types\/post"}],"author":[{"embeddable":true,"href":"https:\/\/www.locoxelrojo.com\/independiente\/wp-json\/wp\/v2\/users\/1"}],"replies":[{"embeddable":true,"href":"https:\/\/www.locoxelrojo.com\/independiente\/wp-json\/wp\/v2\/comments?post=110872"}],"version-history":[{"count":1,"href":"https:\/\/www.locoxelrojo.com\/independiente\/wp-json\/wp\/v2\/posts\/110872\/revisions"}],"predecessor-version":[{"id":110876,"href":"https:\/\/www.locoxelrojo.com\/independiente\/wp-json\/wp\/v2\/posts\/110872\/revisions\/110876"}],"wp:featuredmedia":[{"embeddable":true,"href":"https:\/\/www.locoxelrojo.com\/independiente\/wp-json\/wp\/v2\/media\/110874"}],"wp:attachment":[{"href":"https:\/\/www.locoxelrojo.com\/independiente\/wp-json\/wp\/v2\/media?parent=110872"}],"wp:term":[{"taxonomy":"category","embeddable":true,"href":"https:\/\/www.locoxelrojo.com\/independiente\/wp-json\/wp\/v2\/categories?post=110872"},{"taxonomy":"post_tag","embeddable":true,"href":"https:\/\/www.locoxelrojo.com\/independiente\/wp-json\/wp\/v2\/tags?post=110872"}],"curies":[{"name":"wp","href":"https:\/\/api.w.org\/{rel}","templated":true}]}}