{"id":110924,"date":"2023-02-13T16:58:42","date_gmt":"2023-02-13T19:58:42","guid":{"rendered":"https:\/\/www.locoxelrojo.com\/independiente\/?p=110924"},"modified":"2023-02-13T16:58:42","modified_gmt":"2023-02-13T19:58:42","slug":"elizalde-pasa-por-el-quirofano","status":"publish","type":"post","link":"https:\/\/www.locoxelrojo.com\/independiente\/2023\/02\/13\/elizalde-pasa-por-el-quirofano\/","title":{"rendered":"Elizalde pasa por el quir\u00f3fano"},"content":{"rendered":"<p><strong>Edgar Elizalde tendr\u00e1 que ser intervenido quir\u00fargicamente.<\/strong> El uruguayo se perder\u00e1 varias semanas.<\/p>\n<p>Finalmente, la lesi\u00f3n que sufri\u00f3 el defensor en el empate frente a V\u00e9lez fue una mala noticia para todo Independiente. <strong>Este lunes se realiz\u00f3 estudios m\u00e9dicos y los resultados determinaron que sufri\u00f3 una lesi\u00f3n en los meniscos de la rodilla izquierda.<\/strong><\/p>\n<p><strong>El martes ser\u00e1 sometido a una artroscop\u00eda y su recuperaci\u00f3n demandar\u00e1 entre 4 y 6 semanas.<\/strong> No es una lesi\u00f3n de gravedad, pero es una baja muy importante para el equipo y un dolor de cabeza grande para Leandro Stillitano.<\/p>\n<p>Durante los trabajos de esta semana habr\u00e1 que ver como el entrenador rearma la defensa.<\/p>\n<blockquote class=\"twitter-tweet\">\n<p dir=\"ltr\" lang=\"es\">&#x1f4cc; Parte m\u00e9dico: Edgar Elizalde<\/p>\n<p>Los estudios realizados determinaron que sufri\u00f3 una lesi\u00f3n en los meniscos de la rodilla izquierda. Ma\u00f1ana ser\u00e1 sometido a una artroscop\u00eda y su recuperaci\u00f3n demandar\u00e1 entre 4 y 6 semanas.<\/p>\n<p>\u00a1A volver con todo, Uru! &#x1f1fa;&#x1f1fe; <a href=\"https:\/\/t.co\/W3XQOHZhwL\">pic.twitter.com\/W3XQOHZhwL<\/a><\/p>\n<p>\u2014 C. A. Independiente (@Independiente) <a href=\"https:\/\/twitter.com\/Independiente\/status\/1625201269194297352?ref_src=twsrc%5Etfw\">February 13, 2023<\/a><\/p><\/blockquote>\n<p><script async src=\"https:\/\/platform.twitter.com\/widgets.js\" charset=\"utf-8\"><\/script><\/p>\n","protected":false},"excerpt":{"rendered":"<p>Edgar Elizalde tendr\u00e1 que ser intervenido quir\u00fargicamente. El uruguayo se perder\u00e1 varias semanas. Finalmente, la lesi\u00f3n que sufri\u00f3 el defensor en el empate frente a V\u00e9lez fue una mala noticia para todo Independiente. Este lunes se realiz\u00f3 estudios m\u00e9dicos y los resultados determinaron que sufri\u00f3 una lesi\u00f3n en los meniscos de la rodilla izquierda. El [&hellip;]<\/p>\n","protected":false},"author":1,"featured_media":110925,"comment_status":"open","ping_status":"closed","sticky":false,"template":"","format":"standard","meta":{"_links_to":"","_links_to_target":""},"categories":[3247,3],"tags":[153,5212],"_links":{"self":[{"href":"https:\/\/www.locoxelrojo.com\/independiente\/wp-json\/wp\/v2\/posts\/110924"}],"collection":[{"href":"https:\/\/www.locoxelrojo.com\/independiente\/wp-json\/wp\/v2\/posts"}],"about":[{"href":"https:\/\/www.locoxelrojo.com\/independiente\/wp-json\/wp\/v2\/types\/post"}],"author":[{"embeddable":true,"href":"https:\/\/www.locoxelrojo.com\/independiente\/wp-json\/wp\/v2\/users\/1"}],"replies":[{"embeddable":true,"href":"https:\/\/www.locoxelrojo.com\/independiente\/wp-json\/wp\/v2\/comments?post=110924"}],"version-history":[{"count":1,"href":"https:\/\/www.locoxelrojo.com\/independiente\/wp-json\/wp\/v2\/posts\/110924\/revisions"}],"predecessor-version":[{"id":110926,"href":"https:\/\/www.locoxelrojo.com\/independiente\/wp-json\/wp\/v2\/posts\/110924\/revisions\/110926"}],"wp:featuredmedia":[{"embeddable":true,"href":"https:\/\/www.locoxelrojo.com\/independiente\/wp-json\/wp\/v2\/media\/110925"}],"wp:attachment":[{"href":"https:\/\/www.locoxelrojo.com\/independiente\/wp-json\/wp\/v2\/media?parent=110924"}],"wp:term":[{"taxonomy":"category","embeddable":true,"href":"https:\/\/www.locoxelrojo.com\/independiente\/wp-json\/wp\/v2\/categories?post=110924"},{"taxonomy":"post_tag","embeddable":true,"href":"https:\/\/www.locoxelrojo.com\/independiente\/wp-json\/wp\/v2\/tags?post=110924"}],"curies":[{"name":"wp","href":"https:\/\/api.w.org\/{rel}","templated":true}]}}