{"id":110927,"date":"2023-02-14T15:45:16","date_gmt":"2023-02-14T18:45:16","guid":{"rendered":"https:\/\/www.locoxelrojo.com\/independiente\/?p=110927"},"modified":"2023-02-14T15:45:16","modified_gmt":"2023-02-14T18:45:16","slug":"bochini-independiente-esta-por-buen-camino","status":"publish","type":"post","link":"https:\/\/www.locoxelrojo.com\/independiente\/2023\/02\/14\/bochini-independiente-esta-por-buen-camino\/","title":{"rendered":"Bochini: &#8220;Independiente est\u00e1 por buen camino&#8221;"},"content":{"rendered":"<p><strong>Ricardo Bochini, m\u00e1ximo \u00eddolo de Independiente, se refiri\u00f3 al presente futbol\u00edstico e institucional del club.<\/strong><\/p>\n<p>En di\u00e1logo con D Sports, el Bocha analiz\u00f3 el rendimiento del Rojo en los \u00faltimos partidos, en este arranque irregular del equipo de Leandro Stillitano donde en tres fechas gan\u00f3, empat\u00f3 y perdi\u00f3. <strong>&#8220;Contra Platense no se mereci\u00f3 perder y con V\u00e9lez se obtuvo un buen empate&#8221;<\/strong>, sentenci\u00f3 el 10.<\/p>\n<p>Luego, dio su punto de vista sobre lo que tiene que modificar en el corto plazo. <strong>&#8220;Creo que tiene que mejorar en el mediocampo. Le est\u00e1 costando crear jugadas&#8221;<\/strong>, expres\u00f3, algo que muchos hinchas coinciden y donde seguramente el DT meter\u00e1 mano de cara al partido con Defensa y Justicia.<\/p>\n<p><strong>&#8220;Creo que Independiente est\u00e1 por buen camino. Viene de temporadas muy malas y esto es algo que empez\u00f3 de cero&#8221;<\/strong>, sum\u00f3. Y finaliz\u00f3: <strong>&#8220;Hay una Comisi\u00f3n Directiva nueva, el nuevo t\u00e9cnico, de a poco puede ir mejorando. Es dif\u00edcil mejorar todo de entrada&#8221;<\/strong>.<\/p>\n","protected":false},"excerpt":{"rendered":"<p>Ricardo Bochini, m\u00e1ximo \u00eddolo de Independiente, se refiri\u00f3 al presente futbol\u00edstico e institucional del club. En di\u00e1logo con D Sports, el Bocha analiz\u00f3 el rendimiento del Rojo en los \u00faltimos partidos, en este arranque irregular del equipo de Leandro Stillitano donde en tres fechas gan\u00f3, empat\u00f3 y perdi\u00f3. &#8220;Contra Platense no se mereci\u00f3 perder y [&hellip;]<\/p>\n","protected":false},"author":1,"featured_media":110928,"comment_status":"open","ping_status":"closed","sticky":false,"template":"","format":"standard","meta":{"_links_to":"","_links_to_target":""},"categories":[3280,3247],"tags":[153,475],"_links":{"self":[{"href":"https:\/\/www.locoxelrojo.com\/independiente\/wp-json\/wp\/v2\/posts\/110927"}],"collection":[{"href":"https:\/\/www.locoxelrojo.com\/independiente\/wp-json\/wp\/v2\/posts"}],"about":[{"href":"https:\/\/www.locoxelrojo.com\/independiente\/wp-json\/wp\/v2\/types\/post"}],"author":[{"embeddable":true,"href":"https:\/\/www.locoxelrojo.com\/independiente\/wp-json\/wp\/v2\/users\/1"}],"replies":[{"embeddable":true,"href":"https:\/\/www.locoxelrojo.com\/independiente\/wp-json\/wp\/v2\/comments?post=110927"}],"version-history":[{"count":1,"href":"https:\/\/www.locoxelrojo.com\/independiente\/wp-json\/wp\/v2\/posts\/110927\/revisions"}],"predecessor-version":[{"id":110929,"href":"https:\/\/www.locoxelrojo.com\/independiente\/wp-json\/wp\/v2\/posts\/110927\/revisions\/110929"}],"wp:featuredmedia":[{"embeddable":true,"href":"https:\/\/www.locoxelrojo.com\/independiente\/wp-json\/wp\/v2\/media\/110928"}],"wp:attachment":[{"href":"https:\/\/www.locoxelrojo.com\/independiente\/wp-json\/wp\/v2\/media?parent=110927"}],"wp:term":[{"taxonomy":"category","embeddable":true,"href":"https:\/\/www.locoxelrojo.com\/independiente\/wp-json\/wp\/v2\/categories?post=110927"},{"taxonomy":"post_tag","embeddable":true,"href":"https:\/\/www.locoxelrojo.com\/independiente\/wp-json\/wp\/v2\/tags?post=110927"}],"curies":[{"name":"wp","href":"https:\/\/api.w.org\/{rel}","templated":true}]}}