{"id":11094,"date":"2011-09-16T00:26:14","date_gmt":"2011-09-16T03:26:14","guid":{"rendered":"http:\/\/www.locoxelrojo.com.ar\/independiente\/?p=11094"},"modified":"2011-09-16T00:26:14","modified_gmt":"2011-09-16T03:26:14","slug":"ferreyra-no-estoy-pasando-por-un-buen-momento","status":"publish","type":"post","link":"https:\/\/www.locoxelrojo.com\/independiente\/2011\/09\/16\/ferreyra-no-estoy-pasando-por-un-buen-momento\/","title":{"rendered":"Ferreyra: &#8220;No estoy pasando por un buen momento&#8221;"},"content":{"rendered":"<p><a href=\"http:\/\/www.locoxelrojo.com.ar\/independiente\/wp-content\/uploads\/2011\/09\/Osmar_Ferreyra_malevo.jpg\"><img loading=\"lazy\" class=\"alignnone size-full wp-image-11095\" title=\"Osmar_Ferreyra_malevo\" src=\"http:\/\/www.locoxelrojo.com.ar\/independiente\/wp-content\/uploads\/2011\/09\/Osmar_Ferreyra_malevo.jpg\" alt=\"\" width=\"590\" height=\"315\" srcset=\"https:\/\/locoxelrojo.com\/independiente\/wp-content\/uploads\/2011\/09\/Osmar_Ferreyra_malevo.jpg 590w, https:\/\/locoxelrojo.com\/independiente\/wp-content\/uploads\/2011\/09\/Osmar_Ferreyra_malevo-300x160.jpg 300w\" sizes=\"(max-width: 590px) 100vw, 590px\" \/><\/a><\/p>\n<p><strong>Osmar Ferreyr<\/strong>a habl\u00f3 en <strong>Radio del Plata<\/strong>, donde admiti\u00f3 no estar  pasando por un buen momento personal, al no estar al 100% f\u00edsicamente.<\/p>\n<p>&#8220;<strong>No  estoy pasando por un buen momento, pero la llegada de Ram\u00f3n es  buen\u00edsima. Hoy en d\u00eda me cuesta jugar bien porque yo hago un trabajo por  afuera, donde tengo que estar al 100% en lo f\u00edsico y no lo estoy, por  eso no estoy rindiendo lo que tengo que rendir&#8221;<\/strong> se sincer\u00f3 Ferreyra, y  explic\u00f3 que para el su estado no es por una mala pretemporada, sino  porque estuvo un mes parado y no quiso ir a hacer la pretemporada a  Ucrania, por lo cual arranc\u00f3 a entrenarse con el plantel con 15 d\u00edas de  retraso y asegura que los viajes le jugaron en contra.<\/p>\n<p>Con respecto a la salida del Turco Mohamed, el Malevo dijo que fue triste, ya que el ex enternador era \u201c<strong>uno m\u00e1s del plantel\u201d.<\/strong><\/p>\n<p>Finalmente,  record\u00f3 que cuando Ram\u00f3n D\u00edaz dirig\u00eda San Lorenzo, el Cicl\u00f3n estaba  peor que como est\u00e1 en la actualidad Independiente, <strong>\u201cpero lleg\u00f3 Ram\u00f3n y  salimos campeones\u201d<\/strong>, asegur\u00f3 Ferreya.<\/p>\n","protected":false},"excerpt":{"rendered":"<p>Osmar Ferreyra habl\u00f3 en Radio del Plata, donde admiti\u00f3 no estar pasando por un buen momento personal, al no estar al 100% f\u00edsicamente. &#8220;No estoy pasando por un buen momento, pero la llegada de Ram\u00f3n es buen\u00edsima. Hoy en d\u00eda me cuesta jugar bien porque yo hago un trabajo por afuera, donde tengo que estar [&hellip;]<\/p>\n","protected":false},"author":1,"featured_media":0,"comment_status":"open","ping_status":"open","sticky":false,"template":"","format":"standard","meta":{"_links_to":"","_links_to_target":""},"categories":[3,1],"tags":[153,916,500],"_links":{"self":[{"href":"https:\/\/www.locoxelrojo.com\/independiente\/wp-json\/wp\/v2\/posts\/11094"}],"collection":[{"href":"https:\/\/www.locoxelrojo.com\/independiente\/wp-json\/wp\/v2\/posts"}],"about":[{"href":"https:\/\/www.locoxelrojo.com\/independiente\/wp-json\/wp\/v2\/types\/post"}],"author":[{"embeddable":true,"href":"https:\/\/www.locoxelrojo.com\/independiente\/wp-json\/wp\/v2\/users\/1"}],"replies":[{"embeddable":true,"href":"https:\/\/www.locoxelrojo.com\/independiente\/wp-json\/wp\/v2\/comments?post=11094"}],"version-history":[{"count":0,"href":"https:\/\/www.locoxelrojo.com\/independiente\/wp-json\/wp\/v2\/posts\/11094\/revisions"}],"wp:attachment":[{"href":"https:\/\/www.locoxelrojo.com\/independiente\/wp-json\/wp\/v2\/media?parent=11094"}],"wp:term":[{"taxonomy":"category","embeddable":true,"href":"https:\/\/www.locoxelrojo.com\/independiente\/wp-json\/wp\/v2\/categories?post=11094"},{"taxonomy":"post_tag","embeddable":true,"href":"https:\/\/www.locoxelrojo.com\/independiente\/wp-json\/wp\/v2\/tags?post=11094"}],"curies":[{"name":"wp","href":"https:\/\/api.w.org\/{rel}","templated":true}]}}