{"id":110953,"date":"2023-02-15T16:43:08","date_gmt":"2023-02-15T19:43:08","guid":{"rendered":"https:\/\/www.locoxelrojo.com\/independiente\/?p=110953"},"modified":"2023-02-15T16:43:08","modified_gmt":"2023-02-15T19:43:08","slug":"elizalde-fue-operado-con-exito","status":"publish","type":"post","link":"https:\/\/www.locoxelrojo.com\/independiente\/2023\/02\/15\/elizalde-fue-operado-con-exito\/","title":{"rendered":"Elizalde fue operado con \u00e9xito"},"content":{"rendered":"<p><strong>Edgar Elizalde fue operado con \u00e9xito de su lesi\u00f3n en la rodilla izquierda.<\/strong><\/p>\n<p>Finalmente, los estudios arrojaron que en el empate con V\u00e9lez el defensor uruguayo sufri\u00f3 una lesi\u00f3n en los meniscos de la rodilla izquierda. <strong>Por eso, en horas de la tarde del martes fue intervenido quir\u00fargicamente por el m\u00e9dico Gustavo R\u00edos, quien le realiz\u00f3 una artroscopia. <\/strong><\/p>\n<p>Pasada unas horas el jugador recibi\u00f3 el alta y ahora comenzar\u00e1 con la etapa de recuperaci\u00f3n. <strong>La misma le demandar\u00e1 entre 4 y 6 semanas.<\/strong><\/p>\n","protected":false},"excerpt":{"rendered":"<p>Edgar Elizalde fue operado con \u00e9xito de su lesi\u00f3n en la rodilla izquierda. Finalmente, los estudios arrojaron que en el empate con V\u00e9lez el defensor uruguayo sufri\u00f3 una lesi\u00f3n en los meniscos de la rodilla izquierda. Por eso, en horas de la tarde del martes fue intervenido quir\u00fargicamente por el m\u00e9dico Gustavo R\u00edos, quien le [&hellip;]<\/p>\n","protected":false},"author":1,"featured_media":110954,"comment_status":"open","ping_status":"closed","sticky":false,"template":"","format":"standard","meta":{"_links_to":"","_links_to_target":""},"categories":[3247,3],"tags":[153,5212],"_links":{"self":[{"href":"https:\/\/www.locoxelrojo.com\/independiente\/wp-json\/wp\/v2\/posts\/110953"}],"collection":[{"href":"https:\/\/www.locoxelrojo.com\/independiente\/wp-json\/wp\/v2\/posts"}],"about":[{"href":"https:\/\/www.locoxelrojo.com\/independiente\/wp-json\/wp\/v2\/types\/post"}],"author":[{"embeddable":true,"href":"https:\/\/www.locoxelrojo.com\/independiente\/wp-json\/wp\/v2\/users\/1"}],"replies":[{"embeddable":true,"href":"https:\/\/www.locoxelrojo.com\/independiente\/wp-json\/wp\/v2\/comments?post=110953"}],"version-history":[{"count":1,"href":"https:\/\/www.locoxelrojo.com\/independiente\/wp-json\/wp\/v2\/posts\/110953\/revisions"}],"predecessor-version":[{"id":110955,"href":"https:\/\/www.locoxelrojo.com\/independiente\/wp-json\/wp\/v2\/posts\/110953\/revisions\/110955"}],"wp:featuredmedia":[{"embeddable":true,"href":"https:\/\/www.locoxelrojo.com\/independiente\/wp-json\/wp\/v2\/media\/110954"}],"wp:attachment":[{"href":"https:\/\/www.locoxelrojo.com\/independiente\/wp-json\/wp\/v2\/media?parent=110953"}],"wp:term":[{"taxonomy":"category","embeddable":true,"href":"https:\/\/www.locoxelrojo.com\/independiente\/wp-json\/wp\/v2\/categories?post=110953"},{"taxonomy":"post_tag","embeddable":true,"href":"https:\/\/www.locoxelrojo.com\/independiente\/wp-json\/wp\/v2\/tags?post=110953"}],"curies":[{"name":"wp","href":"https:\/\/api.w.org\/{rel}","templated":true}]}}