{"id":110956,"date":"2023-02-15T17:10:44","date_gmt":"2023-02-15T20:10:44","guid":{"rendered":"https:\/\/www.locoxelrojo.com\/independiente\/?p=110956"},"modified":"2023-02-15T17:10:44","modified_gmt":"2023-02-15T20:10:44","slug":"uno-recuperado-otro-entre-algodones-y-un-ausente","status":"publish","type":"post","link":"https:\/\/www.locoxelrojo.com\/independiente\/2023\/02\/15\/uno-recuperado-otro-entre-algodones-y-un-ausente\/","title":{"rendered":"Uno recuperado, otro entre algodones y un ausente"},"content":{"rendered":"<p>Este mi\u00e9rcoles el plantel de Independiente se entren\u00f3 a puertas abiertas en el predio de Villa Dom\u00ednico. <strong>Leandro Stillitano recuper\u00f3 a un futbolista, tiene a otro entre algodones y uno se ausent\u00f3 con aviso.<\/strong><\/p>\n<p>Tras <a href=\"https:\/\/www.locoxelrojo.com\/independiente\/2023\/02\/15\/elizalde-fue-operado-con-exito\/\">la operaci\u00f3n exitosa de Edgar Elizalde<\/a>, el DT recibi\u00f3 una buena noticia. Es que el uruguayo qued\u00f3 como el \u00fanico futbolista lesionado. <strong>Luciano G\u00f3mez empez\u00f3 a dejar atr\u00e1s la luxaci\u00f3n en el hombro izquierdo y pudo practicar a la par del grupo<\/strong>. Sin embargo, <strong>Rodrigo M\u00e1rquez contin\u00faa con molestias en su tobillo y se movi\u00f3 de manera diferenciada<\/strong>.<\/p>\n<p><strong>Baltasar Barcia fue el jugador que no estuvo presente<\/strong>. El martes por la noche <strong>fue pap\u00e1 de Mateo Benjam\u00edn<\/strong>. El nene y la se\u00f1ora est\u00e1n bien de salud. El futbolista est\u00e1 en el pa\u00eds y el d\u00eda jueves se reintegrar\u00e1 a los entrenamientos.<\/p>\n","protected":false},"excerpt":{"rendered":"<p>Este mi\u00e9rcoles el plantel de Independiente se entren\u00f3 a puertas abiertas en el predio de Villa Dom\u00ednico. Leandro Stillitano recuper\u00f3 a un futbolista, tiene a otro entre algodones y uno se ausent\u00f3 con aviso. Tras la operaci\u00f3n exitosa de Edgar Elizalde, el DT recibi\u00f3 una buena noticia. Es que el uruguayo qued\u00f3 como el \u00fanico [&hellip;]<\/p>\n","protected":false},"author":1,"featured_media":110370,"comment_status":"open","ping_status":"closed","sticky":false,"template":"","format":"standard","meta":{"_links_to":"","_links_to_target":""},"categories":[3247,3],"tags":[5347,5212,26,4092,5325,4050,172],"_links":{"self":[{"href":"https:\/\/www.locoxelrojo.com\/independiente\/wp-json\/wp\/v2\/posts\/110956"}],"collection":[{"href":"https:\/\/www.locoxelrojo.com\/independiente\/wp-json\/wp\/v2\/posts"}],"about":[{"href":"https:\/\/www.locoxelrojo.com\/independiente\/wp-json\/wp\/v2\/types\/post"}],"author":[{"embeddable":true,"href":"https:\/\/www.locoxelrojo.com\/independiente\/wp-json\/wp\/v2\/users\/1"}],"replies":[{"embeddable":true,"href":"https:\/\/www.locoxelrojo.com\/independiente\/wp-json\/wp\/v2\/comments?post=110956"}],"version-history":[{"count":1,"href":"https:\/\/www.locoxelrojo.com\/independiente\/wp-json\/wp\/v2\/posts\/110956\/revisions"}],"predecessor-version":[{"id":110957,"href":"https:\/\/www.locoxelrojo.com\/independiente\/wp-json\/wp\/v2\/posts\/110956\/revisions\/110957"}],"wp:featuredmedia":[{"embeddable":true,"href":"https:\/\/www.locoxelrojo.com\/independiente\/wp-json\/wp\/v2\/media\/110370"}],"wp:attachment":[{"href":"https:\/\/www.locoxelrojo.com\/independiente\/wp-json\/wp\/v2\/media?parent=110956"}],"wp:term":[{"taxonomy":"category","embeddable":true,"href":"https:\/\/www.locoxelrojo.com\/independiente\/wp-json\/wp\/v2\/categories?post=110956"},{"taxonomy":"post_tag","embeddable":true,"href":"https:\/\/www.locoxelrojo.com\/independiente\/wp-json\/wp\/v2\/tags?post=110956"}],"curies":[{"name":"wp","href":"https:\/\/api.w.org\/{rel}","templated":true}]}}