{"id":11097,"date":"2011-09-16T00:33:02","date_gmt":"2011-09-16T03:33:02","guid":{"rendered":"http:\/\/www.locoxelrojo.com.ar\/independiente\/?p=11097"},"modified":"2011-09-16T00:44:10","modified_gmt":"2011-09-16T03:44:10","slug":"11097","status":"publish","type":"post","link":"https:\/\/www.locoxelrojo.com\/independiente\/2011\/09\/16\/11097\/","title":{"rendered":"Fredes confirm\u00f3 que estar\u00e1 tres semanas m\u00e1s afuera"},"content":{"rendered":"<p><a href=\"http:\/\/www.locoxelrojo.com.ar\/independiente\/wp-content\/uploads\/2011\/09\/hernan_fredes_independiente.jpg\"><img loading=\"lazy\" class=\"alignnone size-full wp-image-11098\" title=\"hernan_fredes_independiente\" src=\"http:\/\/www.locoxelrojo.com.ar\/independiente\/wp-content\/uploads\/2011\/09\/hernan_fredes_independiente.jpg\" alt=\"\" width=\"590\" height=\"315\" srcset=\"https:\/\/locoxelrojo.com\/independiente\/wp-content\/uploads\/2011\/09\/hernan_fredes_independiente.jpg 590w, https:\/\/locoxelrojo.com\/independiente\/wp-content\/uploads\/2011\/09\/hernan_fredes_independiente-300x160.jpg 300w\" sizes=\"(max-width: 590px) 100vw, 590px\" \/><\/a><\/p>\n<p><strong>Hern\u00e1n Fredes <\/strong>habl\u00f3 est\u00e1 noche en el programa radio <strong>Somos  Independiente<\/strong> donde confirm\u00f3 que hoy en el entrenamiento matutino se desgarr\u00f3 el  gemelo izquierdo.<\/p>\n<p><strong>\u201cCuando empec\u00e9 a entrenar sent\u00ed una molestia en el gemelo izquierdo y no pude terminar de correr\u201d<\/strong> cont\u00f3 Fredes quien se terminaba de recuperar de otro desgarro de 4mm.<\/p>\n<p>El volante estuvo parado durante 3 fechas y volvi\u00f3 a confirmarse lo peor. <strong>\u201cMe  hice una ecograf\u00eda y tengo un peque\u00f1o desgarro de 4 mil\u00edmetros que es m\u00e1s o  menos como para tres semanas. Espero estar para la d\u00e9cima fecha&#8221;<\/strong>, dese\u00f3.<\/p>\n<p>Por \u00faltimo, Fredes manifest\u00f3 que desea jugar como volante central. <strong>&#8220;Me siento m\u00e1s c\u00f3modo jugando de doble 5&#8221;<\/strong>, concluy\u00f3.<\/p>\n","protected":false},"excerpt":{"rendered":"<p>Hern\u00e1n Fredes habl\u00f3 est\u00e1 noche en el programa radio Somos Independiente donde confirm\u00f3 que hoy en el entrenamiento matutino se desgarr\u00f3 el gemelo izquierdo. \u201cCuando empec\u00e9 a entrenar sent\u00ed una molestia en el gemelo izquierdo y no pude terminar de correr\u201d cont\u00f3 Fredes quien se terminaba de recuperar de otro desgarro de 4mm. El volante [&hellip;]<\/p>\n","protected":false},"author":1,"featured_media":0,"comment_status":"open","ping_status":"open","sticky":false,"template":"","format":"standard","meta":{"_links_to":"","_links_to_target":""},"categories":[3,1],"tags":[153,71],"_links":{"self":[{"href":"https:\/\/www.locoxelrojo.com\/independiente\/wp-json\/wp\/v2\/posts\/11097"}],"collection":[{"href":"https:\/\/www.locoxelrojo.com\/independiente\/wp-json\/wp\/v2\/posts"}],"about":[{"href":"https:\/\/www.locoxelrojo.com\/independiente\/wp-json\/wp\/v2\/types\/post"}],"author":[{"embeddable":true,"href":"https:\/\/www.locoxelrojo.com\/independiente\/wp-json\/wp\/v2\/users\/1"}],"replies":[{"embeddable":true,"href":"https:\/\/www.locoxelrojo.com\/independiente\/wp-json\/wp\/v2\/comments?post=11097"}],"version-history":[{"count":0,"href":"https:\/\/www.locoxelrojo.com\/independiente\/wp-json\/wp\/v2\/posts\/11097\/revisions"}],"wp:attachment":[{"href":"https:\/\/www.locoxelrojo.com\/independiente\/wp-json\/wp\/v2\/media?parent=11097"}],"wp:term":[{"taxonomy":"category","embeddable":true,"href":"https:\/\/www.locoxelrojo.com\/independiente\/wp-json\/wp\/v2\/categories?post=11097"},{"taxonomy":"post_tag","embeddable":true,"href":"https:\/\/www.locoxelrojo.com\/independiente\/wp-json\/wp\/v2\/tags?post=11097"}],"curies":[{"name":"wp","href":"https:\/\/api.w.org\/{rel}","templated":true}]}}