{"id":110972,"date":"2023-02-16T14:47:11","date_gmt":"2023-02-16T17:47:11","guid":{"rendered":"https:\/\/www.locoxelrojo.com\/independiente\/?p=110972"},"modified":"2023-02-16T14:50:29","modified_gmt":"2023-02-16T17:50:29","slug":"sanchez-mino-no-me-sorprendio-el-final-de-los-moyano","status":"publish","type":"post","link":"https:\/\/www.locoxelrojo.com\/independiente\/2023\/02\/16\/sanchez-mino-no-me-sorprendio-el-final-de-los-moyano\/","title":{"rendered":"S\u00e1nchez Mi\u00f1o: &#8220;No me sorprendi\u00f3 el final de los Moyano&#8221;"},"content":{"rendered":"<p><strong>Juan S\u00e1nchez Mi\u00f1o<\/strong> habl\u00f3 sobre su salida de Independiente y critic\u00f3 la gesti\u00f3n de Hugo Moyano.<\/p>\n<p>Hoy en d\u00eda en Lan\u00fas y ya alejado del club desde 2020, S\u00e1nchez Mi\u00f1o se permiti\u00f3 opinar en D Sports sobre c\u00f3mo fue su final en el Rey de Copas, <strong>donde disput\u00f3 122 partidos, convirti\u00f3 3 goles y gan\u00f3 2 t\u00edtulos internacionales<\/strong>.<\/p>\n<p><strong>&#8220;Me doli\u00f3 mucho mi salida del club&#8221;<\/strong>, expres\u00f3. Y agreg\u00f3: <strong>&#8220;Cuando uno no comparte algo se va&#8221;<\/strong>. Hay que recordar que el jugador se va rescindiendo su contrato cuando el f\u00fatbol se retomaba despu\u00e9s del parate por la pandemia del Covid-19. <strong>Fue a jugar al Elche de Espa\u00f1a, \u00e9l resign\u00f3 una deuda de 300.000 d\u00f3lares y el conjunto espa\u00f1ol pag\u00f3 un resarcimiento de 200.000 d\u00f3lares<\/strong>.<\/p>\n<p>Para finalizar, fue dur\u00edsimo con la gesti\u00f3n anterior: <strong>&#8220;No me sorprendi\u00f3 el final de los Moyano. Muchos jugadores que estuvimos mucho tiempo durante esa etapa tuvimos que irnos porque carg\u00e1bamos con otras cosas&#8221;<\/strong>.<\/p>\n<p><iframe loading=\"lazy\" title=\"Todos los goles de Juan S\u00e1nchez Mi\u00f1o en Independiente\" width=\"696\" height=\"392\" src=\"https:\/\/www.youtube.com\/embed\/8M6OSwTmSQQ?feature=oembed\" frameborder=\"0\" allow=\"accelerometer; autoplay; clipboard-write; encrypted-media; gyroscope; picture-in-picture; web-share\" allowfullscreen><\/iframe><\/p>\n<p>&nbsp;<\/p>\n","protected":false},"excerpt":{"rendered":"<p>Juan S\u00e1nchez Mi\u00f1o habl\u00f3 sobre su salida de Independiente y critic\u00f3 la gesti\u00f3n de Hugo Moyano. Hoy en d\u00eda en Lan\u00fas y ya alejado del club desde 2020, S\u00e1nchez Mi\u00f1o se permiti\u00f3 opinar en D Sports sobre c\u00f3mo fue su final en el Rey de Copas, donde disput\u00f3 122 partidos, convirti\u00f3 3 goles y gan\u00f3 [&hellip;]<\/p>\n","protected":false},"author":1,"featured_media":88698,"comment_status":"open","ping_status":"closed","sticky":false,"template":"","format":"standard","meta":{"_links_to":"","_links_to_target":""},"categories":[3280,3247],"tags":[153,140,3190],"_links":{"self":[{"href":"https:\/\/www.locoxelrojo.com\/independiente\/wp-json\/wp\/v2\/posts\/110972"}],"collection":[{"href":"https:\/\/www.locoxelrojo.com\/independiente\/wp-json\/wp\/v2\/posts"}],"about":[{"href":"https:\/\/www.locoxelrojo.com\/independiente\/wp-json\/wp\/v2\/types\/post"}],"author":[{"embeddable":true,"href":"https:\/\/www.locoxelrojo.com\/independiente\/wp-json\/wp\/v2\/users\/1"}],"replies":[{"embeddable":true,"href":"https:\/\/www.locoxelrojo.com\/independiente\/wp-json\/wp\/v2\/comments?post=110972"}],"version-history":[{"count":2,"href":"https:\/\/www.locoxelrojo.com\/independiente\/wp-json\/wp\/v2\/posts\/110972\/revisions"}],"predecessor-version":[{"id":110974,"href":"https:\/\/www.locoxelrojo.com\/independiente\/wp-json\/wp\/v2\/posts\/110972\/revisions\/110974"}],"wp:featuredmedia":[{"embeddable":true,"href":"https:\/\/www.locoxelrojo.com\/independiente\/wp-json\/wp\/v2\/media\/88698"}],"wp:attachment":[{"href":"https:\/\/www.locoxelrojo.com\/independiente\/wp-json\/wp\/v2\/media?parent=110972"}],"wp:term":[{"taxonomy":"category","embeddable":true,"href":"https:\/\/www.locoxelrojo.com\/independiente\/wp-json\/wp\/v2\/categories?post=110972"},{"taxonomy":"post_tag","embeddable":true,"href":"https:\/\/www.locoxelrojo.com\/independiente\/wp-json\/wp\/v2\/tags?post=110972"}],"curies":[{"name":"wp","href":"https:\/\/api.w.org\/{rel}","templated":true}]}}