{"id":111015,"date":"2023-02-18T16:03:26","date_gmt":"2023-02-18T19:03:26","guid":{"rendered":"https:\/\/www.locoxelrojo.com\/independiente\/?p=111015"},"modified":"2023-02-18T17:15:00","modified_gmt":"2023-02-18T20:15:00","slug":"concentrados-vs-defensa-y-justicia-vuelven-cuatro","status":"publish","type":"post","link":"https:\/\/www.locoxelrojo.com\/independiente\/2023\/02\/18\/concentrados-vs-defensa-y-justicia-vuelven-cuatro\/","title":{"rendered":"Concentrados vs. Defensa y Justicia: vuelven cuatro"},"content":{"rendered":"<p><strong>Leandro Stillitano entreg\u00f3 la lista de concentrados para el partido entre Independiente y Defensa y Justicia por la 4\u00aa fecha de la Liga Profesional.<\/strong><\/p>\n<p>La lista tiene varias novedades. La m\u00e1s sobresaliente es <strong>la vuelta de Sergio Barreto<\/strong>, quien hab\u00eda sido relegado ante V\u00e9lez y volvi\u00f3 a ser citado tras haber arreglado la renovaci\u00f3n de su contrato. Tambi\u00e9n <strong>regres\u00f3 Luciano G\u00f3mez<\/strong> despu\u00e9s de dejar atr\u00e1s la lesi\u00f3n en su hombro.<\/p>\n<p><strong>Otros dos que reaparecieron son Mauricio Cuero y Mart\u00edn Sarrafiore<\/strong>. Ambos se hab\u00edan quedado afuera del \u00faltimo partido por no estar en su plenitud f\u00edsica y esta semana Stillitano los vio en mejores condiciones.<\/p>\n<p>Por otro lado, adem\u00e1s de la sabida<a href=\"https:\/\/www.locoxelrojo.com\/independiente\/2023\/02\/15\/elizalde-fue-operado-con-exito\/\"> ausencia de Edgar Elizalde por lesi\u00f3n<\/a>, el t\u00e9cnico decidi\u00f3 <strong>no convocar a Braian Mart\u00ednez<\/strong>. Tampoco fueron citados los juveniles<strong> Fernando Da Rosa y Mart\u00edn Gonz\u00e1lez<\/strong>, quienes se hab\u00edan ganado un lugar la fecha pasada para cubrir bajas en defensa.<\/p>\n<h3>Los 23 convocados<\/h3>\n<p><strong>Arqueros:<\/strong>\u00a0Diego Segovia y Rodrigo Rey.<\/p>\n<p><strong>Defensores:<\/strong> Joaqu\u00edn Laso, Javier B\u00e1ez, Dami\u00e1n P\u00e9rez, Luciano G\u00f3mez, Sergio Barreto, Santiago Salle y Ayrton Costa.<\/p>\n<p><strong>Mediocampistas:<\/strong> Agust\u00edn Mulet, Mauricio Cuero, Kevin L\u00f3pez, Juan Cazares, Mart\u00edn Sarrafiore, Iv\u00e1n Marcone, Tom\u00e1s Pozzo, Sergio Ort\u00edz y Baltasar Barcia.<\/p>\n<p><strong>Delanteros:<\/strong> Mart\u00edn Cauteruccio, Santiago Hidalgo, Rodrigo M\u00e1rquez, Nicol\u00e1s Vallejo y Mat\u00edas Gim\u00e9nez.<\/p>\n","protected":false},"excerpt":{"rendered":"<p>Leandro Stillitano entreg\u00f3 la lista de concentrados para el partido entre Independiente y Defensa y Justicia por la 4\u00aa fecha de la Liga Profesional. La lista tiene varias novedades. La m\u00e1s sobresaliente es la vuelta de Sergio Barreto, quien hab\u00eda sido relegado ante V\u00e9lez y volvi\u00f3 a ser citado tras haber arreglado la renovaci\u00f3n de [&hellip;]<\/p>\n","protected":false},"author":8,"featured_media":111018,"comment_status":"open","ping_status":"closed","sticky":false,"template":"","format":"standard","meta":{"_links_to":"","_links_to_target":""},"categories":[3247,3],"tags":[4452,153,2024,5212,4385,5325,4449,5346,5320,3696],"_links":{"self":[{"href":"https:\/\/www.locoxelrojo.com\/independiente\/wp-json\/wp\/v2\/posts\/111015"}],"collection":[{"href":"https:\/\/www.locoxelrojo.com\/independiente\/wp-json\/wp\/v2\/posts"}],"about":[{"href":"https:\/\/www.locoxelrojo.com\/independiente\/wp-json\/wp\/v2\/types\/post"}],"author":[{"embeddable":true,"href":"https:\/\/www.locoxelrojo.com\/independiente\/wp-json\/wp\/v2\/users\/8"}],"replies":[{"embeddable":true,"href":"https:\/\/www.locoxelrojo.com\/independiente\/wp-json\/wp\/v2\/comments?post=111015"}],"version-history":[{"count":3,"href":"https:\/\/www.locoxelrojo.com\/independiente\/wp-json\/wp\/v2\/posts\/111015\/revisions"}],"predecessor-version":[{"id":111019,"href":"https:\/\/www.locoxelrojo.com\/independiente\/wp-json\/wp\/v2\/posts\/111015\/revisions\/111019"}],"wp:featuredmedia":[{"embeddable":true,"href":"https:\/\/www.locoxelrojo.com\/independiente\/wp-json\/wp\/v2\/media\/111018"}],"wp:attachment":[{"href":"https:\/\/www.locoxelrojo.com\/independiente\/wp-json\/wp\/v2\/media?parent=111015"}],"wp:term":[{"taxonomy":"category","embeddable":true,"href":"https:\/\/www.locoxelrojo.com\/independiente\/wp-json\/wp\/v2\/categories?post=111015"},{"taxonomy":"post_tag","embeddable":true,"href":"https:\/\/www.locoxelrojo.com\/independiente\/wp-json\/wp\/v2\/tags?post=111015"}],"curies":[{"name":"wp","href":"https:\/\/api.w.org\/{rel}","templated":true}]}}