{"id":111024,"date":"2023-02-18T19:07:18","date_gmt":"2023-02-18T22:07:18","guid":{"rendered":"https:\/\/www.locoxelrojo.com\/independiente\/?p=111024"},"modified":"2023-02-18T19:31:01","modified_gmt":"2023-02-18T22:31:01","slug":"la-previa-independiente-defensa-y-justicia","status":"publish","type":"post","link":"https:\/\/www.locoxelrojo.com\/independiente\/2023\/02\/18\/la-previa-independiente-defensa-y-justicia\/","title":{"rendered":"La Previa vs. Defensa y Justicia"},"content":{"rendered":"<p><strong>Independiente recibir\u00e1 a Defensa y Justicia<\/strong> el domingo a partir de las 21:30 en el Libertadores de Am\u00e9rica \u2013 Ricardo Enrique Bochini, por la fecha 4 de la Liga Profesional.\u00a0<strong>Repasamos el historial y los \u00faltimos enfrentamientos.<\/strong><\/p>\n<p>El Rey de Copas <strong>se enfrent\u00f3 en 15 oportunidades ante los de Florencio Varela<\/strong> contando todas las competiciones (Primera Divisi\u00f3n, Nacional B y copas dom\u00e9sticas), con un <strong>saldo favorable de 3 partidos: gan\u00f3 7, empat\u00f3 4 y perdi\u00f3 4.<\/strong><\/p>\n<p><strong>La \u00faltima vez<\/strong> que se vieron las caras fue en el Tito Tomaghello, <a href=\"https:\/\/www.locoxelrojo.com\/independiente\/2022\/07\/20\/cai-se-hunde-cada-vez-mas\/\">con <strong>triunfo 2-1 del Halc\u00f3n.<\/strong><\/a> En aquel encuentro, en julio del 2022, <strong>Manuel Duarte y Adonis Fr\u00edas<\/strong> adelantaron a los locales, mientras que <strong>Alex Vigo descont\u00f3<\/strong> en el tiempo adicionado.<\/p>\n<p><iframe loading=\"lazy\" title=\"\u00a1EL HALC\u00d3N DE BECCACECE LE GAN\u00d3 AL ROJO EN VARELA! | Defensa y Justicia 2-1 Independiente | RESUMEN\" width=\"696\" height=\"392\" src=\"https:\/\/www.youtube.com\/embed\/mdRKWNS4eog?feature=oembed\" frameborder=\"0\" allow=\"accelerometer; autoplay; clipboard-write; encrypted-media; gyroscope; picture-in-picture; web-share\" allowfullscreen><\/iframe><\/p>\n<p>Anteriormente, en agosto del 2021, <strong>igualaron 0-0 en Avellaneda<\/strong>, con la expulsi\u00f3n de Domingo Blanco por doble amarilla.<\/p>\n<p><iframe loading=\"lazy\" title=\"EL ROJO NO PUDO ROMPER EL CERO ANTE EL HALC\u00d3N | Independiente 0-0 Defensa y Justicia | RESUMEN\" width=\"696\" height=\"392\" src=\"https:\/\/www.youtube.com\/embed\/f8azCMsGJ50?feature=oembed\" frameborder=\"0\" allow=\"accelerometer; autoplay; clipboard-write; encrypted-media; gyroscope; picture-in-picture; web-share\" allowfullscreen><\/iframe><\/p>\n<p>&nbsp;<\/p>\n<h2>\u00daltimos 10 enfrentamientos<\/h2>\n<p><strong>Liga Profesional 2022:<\/strong> Defensa y Justicia 2-1 Independiente (M. Duarte y A. Fr\u00edas; A. Vigo)<br \/>\n<strong>Liga Profesional 2021:<\/strong> Independiente 0-0 Defensa y Justicia<br \/>\n<strong>Copa de la Liga 2021:<\/strong> Independiente 1-0 Defensa y Justicia (S. Barreto)<br \/>\n<strong>Copa Maradona 2020:<\/strong> Independiente 1-0 Defensa y Justicia (A. So\u00f1ora)<br \/>\n<strong>Copa Maradona 2020:<\/strong> Defensa y Justicia 0-0 Independiente<br \/>\n<strong>Copa Argentina 2019 (8vos. de final):<\/strong> Defensa y Justicia 0-1 Independiente (G. Silva)<br \/>\n<strong>Torneo 2019\/2020:<\/strong> Defensa y Justicia 0-1 Independiente (S. Palacios)<br \/>\n<strong>Torneo 2018\/2019:<\/strong> Independiente 0-1 Defensa y Justicia (N. Fern\u00e1ndez)<br \/>\n<strong>Torneo 2017\/2018:<\/strong> Independiente 0-1 Defensa y Justicia (M. Bareiro)<br \/>\n<strong>Torneo 2016\/2017:<\/strong> Defensa y Justicia 1-2 Independiente (A. Barboza; N. Dom\u00ednguez y J. S\u00e1nchez Mi\u00f1o)<\/p>\n","protected":false},"excerpt":{"rendered":"<p>Independiente recibir\u00e1 a Defensa y Justicia el domingo a partir de las 21:30 en el Libertadores de Am\u00e9rica \u2013 Ricardo Enrique Bochini, por la fecha 4 de la Liga Profesional.\u00a0Repasamos el historial y los \u00faltimos enfrentamientos. El Rey de Copas se enfrent\u00f3 en 15 oportunidades ante los de Florencio Varela contando todas las competiciones (Primera [&hellip;]<\/p>\n","protected":false},"author":101029,"featured_media":107090,"comment_status":"open","ping_status":"closed","sticky":false,"template":"","format":"standard","meta":{"_links_to":"","_links_to_target":""},"categories":[3247,10],"tags":[153,896,3267,5275],"_links":{"self":[{"href":"https:\/\/www.locoxelrojo.com\/independiente\/wp-json\/wp\/v2\/posts\/111024"}],"collection":[{"href":"https:\/\/www.locoxelrojo.com\/independiente\/wp-json\/wp\/v2\/posts"}],"about":[{"href":"https:\/\/www.locoxelrojo.com\/independiente\/wp-json\/wp\/v2\/types\/post"}],"author":[{"embeddable":true,"href":"https:\/\/www.locoxelrojo.com\/independiente\/wp-json\/wp\/v2\/users\/101029"}],"replies":[{"embeddable":true,"href":"https:\/\/www.locoxelrojo.com\/independiente\/wp-json\/wp\/v2\/comments?post=111024"}],"version-history":[{"count":2,"href":"https:\/\/www.locoxelrojo.com\/independiente\/wp-json\/wp\/v2\/posts\/111024\/revisions"}],"predecessor-version":[{"id":111028,"href":"https:\/\/www.locoxelrojo.com\/independiente\/wp-json\/wp\/v2\/posts\/111024\/revisions\/111028"}],"wp:featuredmedia":[{"embeddable":true,"href":"https:\/\/www.locoxelrojo.com\/independiente\/wp-json\/wp\/v2\/media\/107090"}],"wp:attachment":[{"href":"https:\/\/www.locoxelrojo.com\/independiente\/wp-json\/wp\/v2\/media?parent=111024"}],"wp:term":[{"taxonomy":"category","embeddable":true,"href":"https:\/\/www.locoxelrojo.com\/independiente\/wp-json\/wp\/v2\/categories?post=111024"},{"taxonomy":"post_tag","embeddable":true,"href":"https:\/\/www.locoxelrojo.com\/independiente\/wp-json\/wp\/v2\/tags?post=111024"}],"curies":[{"name":"wp","href":"https:\/\/api.w.org\/{rel}","templated":true}]}}