{"id":111026,"date":"2023-02-18T18:30:35","date_gmt":"2023-02-18T21:30:35","guid":{"rendered":"https:\/\/www.locoxelrojo.com\/independiente\/?p=111026"},"modified":"2023-02-18T19:37:26","modified_gmt":"2023-02-18T22:37:26","slug":"asi-llega-defensa-y-justicia-6","status":"publish","type":"post","link":"https:\/\/www.locoxelrojo.com\/independiente\/2023\/02\/18\/asi-llega-defensa-y-justicia-6\/","title":{"rendered":"As\u00ed llega el Halc\u00f3n"},"content":{"rendered":"<p><strong>Defensa y Justicia visitar\u00e1 a Independiente el domingo a las 21:30<\/strong> en Avellaneda, por la fecha 4 de la Liga Profesional. <strong>Analizamos el buen presente del Halc\u00f3n<\/strong> de Varela.<\/p>\n<p>El equipo de Julio C\u00e9sar Vaccari acumula <strong>6 puntos sobre 9 disputados<\/strong>, producto de <strong>2 triunfos y 1 derrota.<\/strong> En el debut, <strong>cay\u00f3 4-2<\/strong> como local ante Hurac\u00e1n.<\/p>\n<p>Luego, enderez\u00f3 el rumbo y <strong>consigui\u00f3 3 alegr\u00edas consecutivas.<\/strong> En principio,<strong> venci\u00f3 3-2 a Ituzaing\u00f3<\/strong> por la Copa Argentina y avanz\u00f3 de fase.<\/p>\n<p>Por la fecha 2 le gan\u00f3 <strong>2-0 a Gimnasia de La Plata,<\/strong> con goles de Santiago Solari y Nicol\u00e1s Fern\u00e1ndez. Por \u00faltimo, <strong>derrot\u00f3 1-0 a Newell\u00b4s<\/strong> con gol de Kevin Guti\u00e9rrez.<\/p>\n<p><iframe loading=\"lazy\" title=\"\u00a1EL HALC\u00d3N SUPER\u00d3 A LA LEPRA DE HEINZE EN VARELA! | Defensa y Justicia 1-0 Newell&#039;s | RESUMEN\" width=\"696\" height=\"392\" src=\"https:\/\/www.youtube.com\/embed\/0gpmqOwBG84?feature=oembed\" frameborder=\"0\" allow=\"accelerometer; autoplay; clipboard-write; encrypted-media; gyroscope; picture-in-picture; web-share\" allowfullscreen><\/iframe><\/p>\n<p>Para visitar al Rey de Copas, el entrenador no planea modificaciones respecto al \u00faltimo partido, por lo que el 11 inicial de Defensa y Justicia ser\u00eda: <strong>Ezequiel Unsain; Agust\u00edn Sant\u2019Anna, Nazareno Colombo, Tom\u00e1s Cardona, Alexis Soto; Juli\u00e1n L\u00f3pez, Kevin Guti\u00e9rrez; David Barbona, Lautaro Escalante, Santiago Solari; Nicol\u00e1s Fern\u00e1ndez.<\/strong> DT: <strong>Julio C\u00e9sar Vaccari.<\/strong><\/p>\n","protected":false},"excerpt":{"rendered":"<p>Defensa y Justicia visitar\u00e1 a Independiente el domingo a las 21:30 en Avellaneda, por la fecha 4 de la Liga Profesional. Analizamos el buen presente del Halc\u00f3n de Varela. El equipo de Julio C\u00e9sar Vaccari acumula 6 puntos sobre 9 disputados, producto de 2 triunfos y 1 derrota. En el debut, cay\u00f3 4-2 como local [&hellip;]<\/p>\n","protected":false},"author":101029,"featured_media":111029,"comment_status":"open","ping_status":"closed","sticky":false,"template":"","format":"standard","meta":{"_links_to":"","_links_to_target":""},"categories":[1990,3247],"tags":[153,896,3275,5275],"_links":{"self":[{"href":"https:\/\/www.locoxelrojo.com\/independiente\/wp-json\/wp\/v2\/posts\/111026"}],"collection":[{"href":"https:\/\/www.locoxelrojo.com\/independiente\/wp-json\/wp\/v2\/posts"}],"about":[{"href":"https:\/\/www.locoxelrojo.com\/independiente\/wp-json\/wp\/v2\/types\/post"}],"author":[{"embeddable":true,"href":"https:\/\/www.locoxelrojo.com\/independiente\/wp-json\/wp\/v2\/users\/101029"}],"replies":[{"embeddable":true,"href":"https:\/\/www.locoxelrojo.com\/independiente\/wp-json\/wp\/v2\/comments?post=111026"}],"version-history":[{"count":1,"href":"https:\/\/www.locoxelrojo.com\/independiente\/wp-json\/wp\/v2\/posts\/111026\/revisions"}],"predecessor-version":[{"id":111030,"href":"https:\/\/www.locoxelrojo.com\/independiente\/wp-json\/wp\/v2\/posts\/111026\/revisions\/111030"}],"wp:featuredmedia":[{"embeddable":true,"href":"https:\/\/www.locoxelrojo.com\/independiente\/wp-json\/wp\/v2\/media\/111029"}],"wp:attachment":[{"href":"https:\/\/www.locoxelrojo.com\/independiente\/wp-json\/wp\/v2\/media?parent=111026"}],"wp:term":[{"taxonomy":"category","embeddable":true,"href":"https:\/\/www.locoxelrojo.com\/independiente\/wp-json\/wp\/v2\/categories?post=111026"},{"taxonomy":"post_tag","embeddable":true,"href":"https:\/\/www.locoxelrojo.com\/independiente\/wp-json\/wp\/v2\/tags?post=111026"}],"curies":[{"name":"wp","href":"https:\/\/api.w.org\/{rel}","templated":true}]}}