{"id":11106,"date":"2011-09-16T00:52:36","date_gmt":"2011-09-16T03:52:36","guid":{"rendered":"http:\/\/www.locoxelrojo.com.ar\/independiente\/?p=11106"},"modified":"2015-09-15T22:24:00","modified_gmt":"2015-09-16T01:24:00","slug":"rodriguez-todavia-no-se-notan-las-diferencias-entre-el-turco-y-ramon","status":"publish","type":"post","link":"https:\/\/www.locoxelrojo.com\/independiente\/2011\/09\/16\/rodriguez-todavia-no-se-notan-las-diferencias-entre-el-turco-y-ramon\/","title":{"rendered":"P. Rodr\u00edguez: &#8220;Todav\u00eda no se notan las diferencias entre el Turco y Ram\u00f3n&#8221;"},"content":{"rendered":"<p><a href=\"http:\/\/www.locoxelrojo.com.ar\/independiente\/wp-content\/uploads\/2011\/09\/patricio_rodriguez_independiente.jpg\"><img loading=\"lazy\" class=\"alignnone size-full wp-image-11107\" title=\"patricio_rodriguez_independiente\" src=\"http:\/\/www.locoxelrojo.com.ar\/independiente\/wp-content\/uploads\/2011\/09\/patricio_rodriguez_independiente.jpg\" alt=\"\" width=\"590\" height=\"315\" srcset=\"https:\/\/locoxelrojo.com\/independiente\/wp-content\/uploads\/2011\/09\/patricio_rodriguez_independiente.jpg 590w, https:\/\/locoxelrojo.com\/independiente\/wp-content\/uploads\/2011\/09\/patricio_rodriguez_independiente-300x160.jpg 300w\" sizes=\"(max-width: 590px) 100vw, 590px\" \/><\/a><\/p>\n<p><strong>Patricio Rodr\u00edguez<\/strong> dialog\u00f3 con <strong>Somos Independiente -jueves de 21 a 23 por AM 1230 Creativa-<\/strong> y manfiest\u00f3 su punto de vista acerca de las lesiones. Adem\u00e1s, habl\u00f3 sobre Ram\u00f3n D\u00edaz y se refiri\u00f3 al final de su contrato.<strong> &#8220;El problema de las lesiones es que no se puede dar un tiempo de recuperaci\u00f3n&#8221;<\/strong>, entendi\u00f3 el 10.<\/p>\n<p>Luego opin\u00f3 sobre el nuevo cuerpo t\u00e9cnico. Si bien Ram\u00f3n aclar\u00f3 que desde el primer partido se iba a ver un juego diferente, Rodr\u00edguez replic\u00f3: <strong>&#8220;todav\u00eda no hay diferencias notables entre el Turco y Ram\u00f3n, eso se va a ver con el tiempo&#8221;. <\/strong><\/p>\n<p>Por \u00faltimo, asegur\u00f3 que su deseo es seguir en Independiente, al menos hasta el a\u00f1o que viene. <strong>&#8220;Tengo contrato hasta junio del 2012 y ahora estamos hablando para ver si puedo estar unos a\u00f1os m\u00e1s&#8221; <\/strong>, cerr\u00f3.<\/p>\n","protected":false},"excerpt":{"rendered":"<p>Patricio Rodr\u00edguez dialog\u00f3 con Somos Independiente -jueves de 21 a 23 por AM 1230 Creativa- y manfiest\u00f3 su punto de vista acerca de las lesiones. Adem\u00e1s, habl\u00f3 sobre Ram\u00f3n D\u00edaz y se refiri\u00f3 al final de su contrato. &#8220;El problema de las lesiones es que no se puede dar un tiempo de recuperaci\u00f3n&#8221;, entendi\u00f3 el [&hellip;]<\/p>\n","protected":false},"author":1,"featured_media":0,"comment_status":"open","ping_status":"open","sticky":false,"template":"","format":"standard","meta":{"_links_to":"","_links_to_target":""},"categories":[3,1],"tags":[153,41,500],"_links":{"self":[{"href":"https:\/\/www.locoxelrojo.com\/independiente\/wp-json\/wp\/v2\/posts\/11106"}],"collection":[{"href":"https:\/\/www.locoxelrojo.com\/independiente\/wp-json\/wp\/v2\/posts"}],"about":[{"href":"https:\/\/www.locoxelrojo.com\/independiente\/wp-json\/wp\/v2\/types\/post"}],"author":[{"embeddable":true,"href":"https:\/\/www.locoxelrojo.com\/independiente\/wp-json\/wp\/v2\/users\/1"}],"replies":[{"embeddable":true,"href":"https:\/\/www.locoxelrojo.com\/independiente\/wp-json\/wp\/v2\/comments?post=11106"}],"version-history":[{"count":0,"href":"https:\/\/www.locoxelrojo.com\/independiente\/wp-json\/wp\/v2\/posts\/11106\/revisions"}],"wp:attachment":[{"href":"https:\/\/www.locoxelrojo.com\/independiente\/wp-json\/wp\/v2\/media?parent=11106"}],"wp:term":[{"taxonomy":"category","embeddable":true,"href":"https:\/\/www.locoxelrojo.com\/independiente\/wp-json\/wp\/v2\/categories?post=11106"},{"taxonomy":"post_tag","embeddable":true,"href":"https:\/\/www.locoxelrojo.com\/independiente\/wp-json\/wp\/v2\/tags?post=11106"}],"curies":[{"name":"wp","href":"https:\/\/api.w.org\/{rel}","templated":true}]}}