{"id":11113,"date":"2011-09-16T20:43:02","date_gmt":"2011-09-16T23:43:02","guid":{"rendered":"http:\/\/www.locoxelrojo.com.ar\/independiente\/?p=11113"},"modified":"2015-09-15T22:28:14","modified_gmt":"2015-09-16T01:28:14","slug":"ficha-de-partido-vs-colon","status":"publish","type":"post","link":"https:\/\/www.locoxelrojo.com\/independiente\/2011\/09\/16\/ficha-de-partido-vs-colon\/","title":{"rendered":"Ficha del partido vs. Col\u00f3n"},"content":{"rendered":"<p><a href=\"http:\/\/www.locoxelrojo.com.ar\/independiente\/wp-content\/uploads\/2011\/09\/ficha-cai-colon.jpg\"><img loading=\"lazy\" class=\"alignnone size-full wp-image-11114\" title=\"ficha-cai-colon\" src=\"http:\/\/www.locoxelrojo.com.ar\/independiente\/wp-content\/uploads\/2011\/09\/ficha-cai-colon.jpg\" alt=\"\" width=\"590\" height=\"315\" srcset=\"https:\/\/locoxelrojo.com\/independiente\/wp-content\/uploads\/2011\/09\/ficha-cai-colon.jpg 590w, https:\/\/locoxelrojo.com\/independiente\/wp-content\/uploads\/2011\/09\/ficha-cai-colon-300x160.jpg 300w\" sizes=\"(max-width: 590px) 100vw, 590px\" \/><\/a><\/p>\n<p><strong>Independiente (0):<\/strong> Fabi\u00e1n Assmann; Eduardo Tuzzio, Juli\u00e1n Vel\u00e1zquez, Gabriel Milito, Maximiliano Vel\u00e1zquez; Iv\u00e1n V\u00e9lez, Cristian Pellerano, Nicol\u00e1s Delmonte, Osmar Ferreyra; Facundo Parra y Marco P\u00e9rez. DT: Ram\u00f3n D\u00edaz.<\/p>\n<p><strong>Col\u00f3n (1):<\/strong> Diego Pozo; Salustiano Candia, Ronald Raldes, Maximiliano Pellegrino, Bruno Urribarri; Iv\u00e1n Moreno y Fabianesi, Sebasti\u00e1n Prediger, Tom\u00e1s Costa, Mart\u00edn Luque; Federico Higua\u00edn y Esteban Fuertes. DT: Mario Sciacqua.<\/p>\n<p><strong>Goles:<\/strong>\u00a016&#8242; PT Federico Higua\u00edn (C).<\/p>\n<p><strong>Cambios:\u00a0<\/strong>0&#8242; ST Mat\u00edas\u00a0Defederico por V\u00e9lez (I), 8&#8242; Adri\u00e1n Bast\u00eda por Luque (C), 21&#8242; Facundo Curuchet por Costa (C), 22&#8242; Fernando Godoy por Delmonte (I), 32&#8242; Leonel N\u00fa\u00f1ez por Ferreyra (I) y 33&#8242; Leandro Gonz\u00e1lez por Higua\u00edn (C).<\/p>\n<p><strong>Amonestados:<\/strong>\u00a023&#8242; PT Costa (C).<\/p>\n<p><strong>Expulsados:<\/strong> No hubo.<\/p>\n<p><strong>\u00c1rbitro:<\/strong> Sa\u00fal Laverni.<\/p>\n<p><strong>Estadio:<\/strong> Libertadores de Am\u00e9rica.<\/p>\n","protected":false},"excerpt":{"rendered":"<p>Independiente (0): Fabi\u00e1n Assmann; Eduardo Tuzzio, Juli\u00e1n Vel\u00e1zquez, Gabriel Milito, Maximiliano Vel\u00e1zquez; Iv\u00e1n V\u00e9lez, Cristian Pellerano, Nicol\u00e1s Delmonte, Osmar Ferreyra; Facundo Parra y Marco P\u00e9rez. DT: Ram\u00f3n D\u00edaz. Col\u00f3n (1): Diego Pozo; Salustiano Candia, Ronald Raldes, Maximiliano Pellegrino, Bruno Urribarri; Iv\u00e1n Moreno y Fabianesi, Sebasti\u00e1n Prediger, Tom\u00e1s Costa, Mart\u00edn Luque; Federico Higua\u00edn y Esteban Fuertes. [&hellip;]<\/p>\n","protected":false},"author":11,"featured_media":0,"comment_status":"open","ping_status":"open","sticky":false,"template":"","format":"standard","meta":{"_links_to":"","_links_to_target":""},"categories":[1988,3,1],"tags":[972,153,2740,295,641],"_links":{"self":[{"href":"https:\/\/www.locoxelrojo.com\/independiente\/wp-json\/wp\/v2\/posts\/11113"}],"collection":[{"href":"https:\/\/www.locoxelrojo.com\/independiente\/wp-json\/wp\/v2\/posts"}],"about":[{"href":"https:\/\/www.locoxelrojo.com\/independiente\/wp-json\/wp\/v2\/types\/post"}],"author":[{"embeddable":true,"href":"https:\/\/www.locoxelrojo.com\/independiente\/wp-json\/wp\/v2\/users\/11"}],"replies":[{"embeddable":true,"href":"https:\/\/www.locoxelrojo.com\/independiente\/wp-json\/wp\/v2\/comments?post=11113"}],"version-history":[{"count":0,"href":"https:\/\/www.locoxelrojo.com\/independiente\/wp-json\/wp\/v2\/posts\/11113\/revisions"}],"wp:attachment":[{"href":"https:\/\/www.locoxelrojo.com\/independiente\/wp-json\/wp\/v2\/media?parent=11113"}],"wp:term":[{"taxonomy":"category","embeddable":true,"href":"https:\/\/www.locoxelrojo.com\/independiente\/wp-json\/wp\/v2\/categories?post=11113"},{"taxonomy":"post_tag","embeddable":true,"href":"https:\/\/www.locoxelrojo.com\/independiente\/wp-json\/wp\/v2\/tags?post=11113"}],"curies":[{"name":"wp","href":"https:\/\/api.w.org\/{rel}","templated":true}]}}