{"id":11117,"date":"2011-09-16T21:59:28","date_gmt":"2011-09-17T00:59:28","guid":{"rendered":"http:\/\/www.locoxelrojo.com.ar\/independiente\/?p=11117"},"modified":"2015-09-15T22:28:31","modified_gmt":"2015-09-16T01:28:31","slug":"ramon-diaz-regalamos-45-minutos-audio","status":"publish","type":"post","link":"https:\/\/www.locoxelrojo.com\/independiente\/2011\/09\/16\/ramon-diaz-regalamos-45-minutos-audio\/","title":{"rendered":"Ram\u00f3n D\u00edaz: &#8220;Regalamos 45 minutos&#8221;"},"content":{"rendered":"<p><a href=\"http:\/\/www.locoxelrojo.com.ar\/independiente\/wp-content\/uploads\/2011\/09\/ramon1.jpg\"><img loading=\"lazy\" class=\"alignnone size-full wp-image-11119\" title=\"Ramon Diaz DT de Independiente\" src=\"http:\/\/www.locoxelrojo.com.ar\/independiente\/wp-content\/uploads\/2011\/09\/ramon1.jpg\" alt=\"\" width=\"590\" height=\"315\" srcset=\"https:\/\/locoxelrojo.com\/independiente\/wp-content\/uploads\/2011\/09\/ramon1.jpg 590w, https:\/\/locoxelrojo.com\/independiente\/wp-content\/uploads\/2011\/09\/ramon1-300x160.jpg 300w\" sizes=\"(max-width: 590px) 100vw, 590px\" \/><\/a><\/p>\n<p>El debut de Ram\u00f3n D\u00edaz como t\u00e9cnico de Independiente no fue el esperado. El Rojo perdi\u00f3 como local 1 a 0 contra Col\u00f3n de Santa Fe y no levanta cabeza en el Apertura. El entrenador manifest\u00f3 que el equipo regal\u00f3 un tiempo, que hay mucho por corregir y destac\u00f3 la actitud y la intenci\u00f3n de juego que hubo en el complemento.<\/p>\n<p><strong>\u201cRegalamos 45 minutos, este equipo en el segundo tiempo me gusto e intento entregar todo lo que tuvo, creamos un par de situaciones pero no las pudieron concretar. Vamos a intentar hacer lo que hicieron en el segundo tiempo a lo largo de los 90 minutos\u201d<\/strong>, dijo Ram\u00f3n.<\/p>\n<p><strong>\u201cEl apoyo de la gente va a ser fundamental para salir de esta situaci\u00f3n. Por momentos sent\u00ed que el hincha cre\u00eda en el equipo. Entiendo al hincha y entiendo la situaci\u00f3n de los jugadores, lo \u00fanico que podemos hacer nosotros es trabajar para cambiar algunas cosas\u201d<\/strong>, destac\u00f3 el Pelado.<\/p>\n<p><strong>\u201cA los jugadores en el vestuario les dije que me gustan estos desaf\u00edos, me gustan estos compromisos y en la parte futbol\u00edstica de parte nuestra vamos a dar el m\u00e1ximo para que esto mejore\u201d<\/strong>, recalc\u00f3.<\/p>\n<p>Sobre el an\u00e1lisis del partido se encarg\u00f3 de remarcar el cambio de actitud que tuvo el equipo de un tiempo al otro. <strong>\u201cEs fundamental cambiar la mentalidad, la actitud, s\u00f3lo voy a destacar lo del segundo tiempo porque cuando el equipo entro al vestuario se dio cuenta que ten\u00edamos que tener otra actitud y me parece que merecimos un poco m\u00e1s, por lo menos empatarlo\u201d.<\/strong><\/p>\n<p>Otra vez a varios jugadores se los not\u00f3 cansados y muy mal f\u00edsicamente. Esto es algo que les preocupa a D\u00edaz y a todo su Cuerpo T\u00e9cnico. <strong>\u201cAunque por la cantidad de partidos que hay por delante, los tiempos no den, vamos a continuar trabajando en lo f\u00edsico y mejorando aquellos que no tengan la posibilidad de jugar tan seguido para prepararlos para todo lo que se viene\u201d<\/strong>.<\/p>\n<p><strong>\u201cComo jugamos en el segundo tiempo es como quiere que juegue la gente, creando situaciones, arriesgando, este es el estilo que tiene este club y es el que me gusta a m\u00ed\u201d<\/strong>, remarc\u00f3 el entrenador.<\/p>\n<p><strong>\u201cHay errores que durante la semana les dije que est\u00e9n m\u00e1s atentos, pero es algo que lo tienen incorporado entonces hay que trabajar duro para cambiarlo\u201d<\/strong>, dijo D\u00edaz \u00a0y ampli\u00f3: <strong>\u201ctenemos variantes en el equipo y un cuerpo t\u00e9cnico para trabajar y salir adelante. No es s\u00f3lo en defensa el problema, en ataque hay cosas que me gustan y otras por corregir. Tengo un ayudante que fue goleador y le vamos a inculcar a los muchachos algunas cosas que nos gustan, como moverse como ubicarse. Falta mucho, hay que preparar al equipo para juegue de una cierta manera\u201d<\/strong>.<\/p>\n<p>Por \u00faltimo se encarg\u00f3 de aclarar, como lo hizo durante toda la conferencia que <strong>\u201cde parte nuestra vamos a dar el m\u00e1ximo para revertir esto\u201d<\/strong>.<\/p>\n<p><strong>Escuch\u00e1 el audio completo de la conferencia:<\/strong><\/p>\n<p><object id=\"divplaylist\" width=\"335\" height=\"28\" classid=\"clsid:d27cdb6e-ae6d-11cf-96b8-444553540000\" codebase=\"http:\/\/download.macromedia.com\/pub\/shockwave\/cabs\/flash\/swflash.cab#version=6,0,40,0\"><param name=\"src\" value=\"http:\/\/www.divshare.com\/flash\/playlist?myId=15737159-c39\" \/><param name=\"name\" value=\"divplaylist\" \/><embed id=\"divplaylist\" type=\"application\/x-shockwave-flash\" width=\"335\" height=\"28\" src=\"http:\/\/www.divshare.com\/flash\/playlist?myId=15737159-c39\" name=\"divplaylist\"><\/embed><\/object><\/p>\n","protected":false},"excerpt":{"rendered":"<p>El debut de Ram\u00f3n D\u00edaz como t\u00e9cnico de Independiente no fue el esperado. El Rojo perdi\u00f3 como local 1 a 0 contra Col\u00f3n de Santa Fe y no levanta cabeza en el Apertura. El entrenador manifest\u00f3 que el equipo regal\u00f3 un tiempo, que hay mucho por corregir y destac\u00f3 la actitud y la intenci\u00f3n de [&hellip;]<\/p>\n","protected":false},"author":1,"featured_media":0,"comment_status":"open","ping_status":"open","sticky":false,"template":"","format":"standard","meta":{"_links_to":"","_links_to_target":""},"categories":[3,1],"tags":[972,153,500],"_links":{"self":[{"href":"https:\/\/www.locoxelrojo.com\/independiente\/wp-json\/wp\/v2\/posts\/11117"}],"collection":[{"href":"https:\/\/www.locoxelrojo.com\/independiente\/wp-json\/wp\/v2\/posts"}],"about":[{"href":"https:\/\/www.locoxelrojo.com\/independiente\/wp-json\/wp\/v2\/types\/post"}],"author":[{"embeddable":true,"href":"https:\/\/www.locoxelrojo.com\/independiente\/wp-json\/wp\/v2\/users\/1"}],"replies":[{"embeddable":true,"href":"https:\/\/www.locoxelrojo.com\/independiente\/wp-json\/wp\/v2\/comments?post=11117"}],"version-history":[{"count":0,"href":"https:\/\/www.locoxelrojo.com\/independiente\/wp-json\/wp\/v2\/posts\/11117\/revisions"}],"wp:attachment":[{"href":"https:\/\/www.locoxelrojo.com\/independiente\/wp-json\/wp\/v2\/media?parent=11117"}],"wp:term":[{"taxonomy":"category","embeddable":true,"href":"https:\/\/www.locoxelrojo.com\/independiente\/wp-json\/wp\/v2\/categories?post=11117"},{"taxonomy":"post_tag","embeddable":true,"href":"https:\/\/www.locoxelrojo.com\/independiente\/wp-json\/wp\/v2\/tags?post=11117"}],"curies":[{"name":"wp","href":"https:\/\/api.w.org\/{rel}","templated":true}]}}