{"id":11130,"date":"2011-09-16T23:00:54","date_gmt":"2011-09-17T02:00:54","guid":{"rendered":"http:\/\/www.locoxelrojo.com.ar\/independiente\/?p=11130"},"modified":"2015-09-15T22:28:55","modified_gmt":"2015-09-16T01:28:55","slug":"guerra-de-tribunas-episodio-3","status":"publish","type":"post","link":"https:\/\/www.locoxelrojo.com\/independiente\/2011\/09\/16\/guerra-de-tribunas-episodio-3\/","title":{"rendered":"Guerra de tribunas: episodio 3"},"content":{"rendered":"<p><a href=\"http:\/\/www.locoxelrojo.com.ar\/independiente\/wp-content\/uploads\/2011\/09\/banderas-en-contra-de-la-dirigencia.jpg\"><img loading=\"lazy\" class=\"alignnone size-full wp-image-11131\" title=\"banderas en contra de la dirigencia\" src=\"http:\/\/www.locoxelrojo.com.ar\/independiente\/wp-content\/uploads\/2011\/09\/banderas-en-contra-de-la-dirigencia.jpg\" alt=\"\" width=\"590\" height=\"315\" srcset=\"https:\/\/locoxelrojo.com\/independiente\/wp-content\/uploads\/2011\/09\/banderas-en-contra-de-la-dirigencia.jpg 590w, https:\/\/locoxelrojo.com\/independiente\/wp-content\/uploads\/2011\/09\/banderas-en-contra-de-la-dirigencia-300x160.jpg 300w\" sizes=\"(max-width: 590px) 100vw, 590px\" \/><\/a><\/p>\n<p>Independiente volvi\u00f3 a perder, esta vez como local 1 a 0 con Col\u00f3n de Santa Fe en lo que fue el debut de Ram\u00f3n D\u00edaz como DT. <strong>La llegada de Ram\u00f3n por ahora no soluciono mucho las cosas en cuanto a lo futbol\u00edstico y mucho menos el mal clima en las tribunas. <\/strong><\/p>\n<p>La interna entre la gente, la barra y los dirigentes continuo y la <strong>\u201cGuerra de Tribunas\u201d<\/strong> tuvo un nuevo capitulo. Es triste hablar de esto y ver como desde una tribuna a la otra se dedican canciones como si fueran hinchas de otros cuadros, pero <strong>este parece ser el destino de Independiente hasta diciembre, porque en esta \u201cguerra\u201d, lo pol\u00edtico tiene mucho que ver. <\/strong><\/p>\n<p>En la Tribuna Norte, donde se ubica la barra y el resto de los hinchas que s\u00f3lo se dedican a alentar a Independiente, <strong>durante gran parte del partido se apoy\u00f3 al equipo. No se dedicaron a responder las canciones que ven\u00edan desde el otro sector y s\u00f3lo al comienzo del partido hubo algunos cantos contra los directivos.<\/strong> Tambi\u00e9n sorprendi\u00f3 ver un pasacalle con una leyenda bastante agresiva para algunos miembros de Comisi\u00f3n Directiva: <strong>\u201cSciaccaluga. Ladr\u00f3n &#8211; Lisnovsky Coimero Ladr\u00f3n &#8211; Mattera Corrupto\u201d<\/strong>.<\/p>\n<p><strong>En la Tribuna Sur el panorama fue similar a los \u00faltimos dos partidos pero los cantos fueron m\u00e1s tibios y siempre part\u00edan del mismo sector (el que est\u00e1 mas cercano a la Garganta 1)<\/strong>. Esta vez no se observaron las banderas ni los trapos largos de la Subcomisi\u00f3n del Hincha, pero s\u00ed a sus integrantes. Tambi\u00e9n se lucieron en el alambrado las cl\u00e1sicas banderas de \u201cLos Pibes de los Trapos\u201d que siguen al Rojo a todos lados.<\/p>\n<p><strong>Los hinchas en la Tribuna Sur se expresaron en contra de Comparada, de la Comisi\u00f3n Directiva y mostraron una vez m\u00e1s su descontento con La Barra del Rojo, que por suerte esta vez dej\u00f3 que se expresen sin recurrir a la violencia.<\/strong><\/p>\n<p>Desde este sector tambi\u00e9n apareci\u00f3 otro pasacalle, que ya se vio en algunos otros partidos: <strong>\u201cH\u00e1ganse Cargo. Esto es Independiente\u201d.<\/strong><\/p>\n","protected":false},"excerpt":{"rendered":"<p>Independiente volvi\u00f3 a perder, esta vez como local 1 a 0 con Col\u00f3n de Santa Fe en lo que fue el debut de Ram\u00f3n D\u00edaz como DT. La llegada de Ram\u00f3n por ahora no soluciono mucho las cosas en cuanto a lo futbol\u00edstico y mucho menos el mal clima en las tribunas. La interna entre [&hellip;]<\/p>\n","protected":false},"author":1,"featured_media":0,"comment_status":"open","ping_status":"open","sticky":false,"template":"","format":"standard","meta":{"_links_to":"","_links_to_target":""},"categories":[3,1],"tags":[39,153,103,636,33,196,330,331],"_links":{"self":[{"href":"https:\/\/www.locoxelrojo.com\/independiente\/wp-json\/wp\/v2\/posts\/11130"}],"collection":[{"href":"https:\/\/www.locoxelrojo.com\/independiente\/wp-json\/wp\/v2\/posts"}],"about":[{"href":"https:\/\/www.locoxelrojo.com\/independiente\/wp-json\/wp\/v2\/types\/post"}],"author":[{"embeddable":true,"href":"https:\/\/www.locoxelrojo.com\/independiente\/wp-json\/wp\/v2\/users\/1"}],"replies":[{"embeddable":true,"href":"https:\/\/www.locoxelrojo.com\/independiente\/wp-json\/wp\/v2\/comments?post=11130"}],"version-history":[{"count":0,"href":"https:\/\/www.locoxelrojo.com\/independiente\/wp-json\/wp\/v2\/posts\/11130\/revisions"}],"wp:attachment":[{"href":"https:\/\/www.locoxelrojo.com\/independiente\/wp-json\/wp\/v2\/media?parent=11130"}],"wp:term":[{"taxonomy":"category","embeddable":true,"href":"https:\/\/www.locoxelrojo.com\/independiente\/wp-json\/wp\/v2\/categories?post=11130"},{"taxonomy":"post_tag","embeddable":true,"href":"https:\/\/www.locoxelrojo.com\/independiente\/wp-json\/wp\/v2\/tags?post=11130"}],"curies":[{"name":"wp","href":"https:\/\/api.w.org\/{rel}","templated":true}]}}