{"id":111305,"date":"2023-03-06T11:00:10","date_gmt":"2023-03-06T14:00:10","guid":{"rendered":"https:\/\/www.locoxelrojo.com\/independiente\/?p=111305"},"modified":"2023-03-05T23:06:03","modified_gmt":"2023-03-06T02:06:03","slug":"lateral-derecho-varios-nombres-ninguna-solucion","status":"publish","type":"post","link":"https:\/\/www.locoxelrojo.com\/independiente\/2023\/03\/06\/lateral-derecho-varios-nombres-ninguna-solucion\/","title":{"rendered":"Lateral derecho: varios nombres ninguna soluci\u00f3n"},"content":{"rendered":"<p>Desde que arranc\u00f3 el campeonato, Independiente persiste con un problema que lo tiene a maltraer: el lateral derecho.<\/p>\n<p><a href=\"https:\/\/www.locoxelrojo.com\/independiente\/2023\/03\/05\/independiente-se-durmio-y-pago-caro\/\">En el empate 2-2 ante Instituto,<\/a> le toc\u00f3 jugar de entrada a<strong> Patricio Ostachuk y no tuvo una buena tarde<\/strong>, a pesar de tener unos correctos primeros minutos. <strong>Tanto Braian Cuello como Sebasti\u00e1n Corda lo volvieron loco durante el tramo final del primer tiempo<\/strong>.<\/p>\n<p>En los 84 minutos que jug\u00f3 Ostachuk dio 15 pases precisos (58%), realiz\u00f3 4 intercepciones, complet\u00f3 4 de 12 balones en largo y no lanz\u00f3 ning\u00fan centro correcto. A su vez, <strong>perdi\u00f3 19 pelotas, no gan\u00f3 ning\u00fan duelo y cometi\u00f3 3 infracciones<\/strong>. Fue amonestado a los 6&#8242; del complemento y <strong>sali\u00f3, reprobado por el p\u00fablico<\/strong>, en lugar de Luciano G\u00f3mez cerca del final.<\/p>\n<p>Sin dudas que <strong>el carril derecho es un tema a resolver a corto plazo<\/strong>, pero que, por ahora, parece no tener soluci\u00f3n. Independiente carece de garant\u00edas en el puesto y lo padece partido a partido ya sea para atacar o defender.<\/p>\n<p>Se viene Barracas Central el pr\u00f3ximo viernes y Leandro Stillitano tambi\u00e9n<strong> cuenta con G\u00f3mez, Santiago Salle y Javier B\u00e1ez<\/strong> para la posici\u00f3n. \u00bfQui\u00e9n ser\u00eda la mejor opci\u00f3n para el lateral derecho?<\/p>\n","protected":false},"excerpt":{"rendered":"<p>Desde que arranc\u00f3 el campeonato, Independiente persiste con un problema que lo tiene a maltraer: el lateral derecho. En el empate 2-2 ante Instituto, le toc\u00f3 jugar de entrada a Patricio Ostachuk y no tuvo una buena tarde, a pesar de tener unos correctos primeros minutos. Tanto Braian Cuello como Sebasti\u00e1n Corda lo volvieron loco [&hellip;]<\/p>\n","protected":false},"author":101027,"featured_media":111307,"comment_status":"open","ping_status":"closed","sticky":false,"template":"","format":"standard","meta":{"_links_to":"","_links_to_target":""},"categories":[4943,3247],"tags":[153,221,5325,4739,5244],"_links":{"self":[{"href":"https:\/\/www.locoxelrojo.com\/independiente\/wp-json\/wp\/v2\/posts\/111305"}],"collection":[{"href":"https:\/\/www.locoxelrojo.com\/independiente\/wp-json\/wp\/v2\/posts"}],"about":[{"href":"https:\/\/www.locoxelrojo.com\/independiente\/wp-json\/wp\/v2\/types\/post"}],"author":[{"embeddable":true,"href":"https:\/\/www.locoxelrojo.com\/independiente\/wp-json\/wp\/v2\/users\/101027"}],"replies":[{"embeddable":true,"href":"https:\/\/www.locoxelrojo.com\/independiente\/wp-json\/wp\/v2\/comments?post=111305"}],"version-history":[{"count":4,"href":"https:\/\/www.locoxelrojo.com\/independiente\/wp-json\/wp\/v2\/posts\/111305\/revisions"}],"predecessor-version":[{"id":111315,"href":"https:\/\/www.locoxelrojo.com\/independiente\/wp-json\/wp\/v2\/posts\/111305\/revisions\/111315"}],"wp:featuredmedia":[{"embeddable":true,"href":"https:\/\/www.locoxelrojo.com\/independiente\/wp-json\/wp\/v2\/media\/111307"}],"wp:attachment":[{"href":"https:\/\/www.locoxelrojo.com\/independiente\/wp-json\/wp\/v2\/media?parent=111305"}],"wp:term":[{"taxonomy":"category","embeddable":true,"href":"https:\/\/www.locoxelrojo.com\/independiente\/wp-json\/wp\/v2\/categories?post=111305"},{"taxonomy":"post_tag","embeddable":true,"href":"https:\/\/www.locoxelrojo.com\/independiente\/wp-json\/wp\/v2\/tags?post=111305"}],"curies":[{"name":"wp","href":"https:\/\/api.w.org\/{rel}","templated":true}]}}