{"id":111331,"date":"2023-03-07T17:39:01","date_gmt":"2023-03-07T20:39:01","guid":{"rendered":"https:\/\/www.locoxelrojo.com\/independiente\/?p=111331"},"modified":"2023-03-07T17:39:39","modified_gmt":"2023-03-07T20:39:39","slug":"montenegro-sobre-el-caso-cazares-molesta-quedar-pegado","status":"publish","type":"post","link":"https:\/\/www.locoxelrojo.com\/independiente\/2023\/03\/07\/montenegro-sobre-el-caso-cazares-molesta-quedar-pegado\/","title":{"rendered":"Montenegro, sobre el caso Cazares: &#8220;Molesta quedar pegado&#8221;"},"content":{"rendered":"<p><strong>Daniel Montenegro<\/strong> rompi\u00f3 el silencio y dio su versi\u00f3n sobre el esc\u00e1ndalo con Juan Ignacio Cazares. El exasesor deportivo de Independiente responsabiliz\u00f3 a la gesti\u00f3n anterior.<\/p>\n<p>D\u00edas atr\u00e1s se supo que el ecuatoriano no hab\u00eda llegado al club en condici\u00f3n de libre como hab\u00eda informado la gesti\u00f3n de Hugo Moyano. Gracias a un investigaci\u00f3n del periodista Mat\u00edas Mart\u00ednez, se descubri\u00f3 que los dirigentes de aquel momento<a href=\"https:\/\/www.locoxelrojo.com\/independiente\/2023\/03\/04\/el-caso-cazares-otra-mentira-mas\/\"> se hab\u00edan comprometido a comprar el pase del ecuatoriano en 1.300.000 d\u00f3lares, cifra que se incluy\u00f3 en el contrato y que el Rojo nunca pag\u00f3<\/a>.<\/p>\n<p>Uno de los que qued\u00f3 salpicado con este esc\u00e1ndalo fue Montenegro, quien se ocupaba del manejo del f\u00fatbol. En charla con <em>TyC Sports<\/em>, el Rolfi hizo su descargo y dej\u00f3 en claro que no sab\u00eda nada del tema. <strong>&#8220;Cuando pas\u00f3 el tema de Ucrania, el primero que vino fue Poblete y despu\u00e9s lleg\u00f3 Cazares. Los dos ten\u00edan una autorizaci\u00f3n de FIFA para venir por seis meses. Cuando se terminaba ese plazo, el jugador decid\u00eda si continuaba o no en Ucrania. En ese momento, Cazares rescindi\u00f3 el contrato en Ucrania. Cuando fuimos a ver el plantel en junio, consult\u00e9 qu\u00e9 posibilidades exist\u00edan de que se queden&#8221;<\/strong>, coment\u00f3.<\/p>\n<p><strong>&#8220;Poblete no continu\u00f3 porque no lleg\u00f3 a un acuerdo econ\u00f3mico, y s\u00ed Cazares. Pero nosotros ten\u00edamos la informaci\u00f3n de que Cazares vino con una autorizaci\u00f3n y despu\u00e9s rescindi\u00f3 su contrato en Ucrania&#8221;<\/strong>, a\u00f1adi\u00f3 el exasesor deportivo.<\/p>\n<p>Montenegro dej\u00f3 en claro que mientras estuvo en el cargo, nunca estuvo involucrado en las negociaciones de los contratos de los jugadores ni en ning\u00fan tema econ\u00f3mico: <strong>&#8220;Me cans\u00e9 de explicarlo. Dije que yo econ\u00f3micamente no me iba a meter porque iban a pasar estas cosas, iba a quedar ensuciado con una cosa o con otra. Tema plata no es algo que me interese, sino lo futbol\u00edstico, lo que yo le pod\u00eda brindar al club. No estuve en ninguna reuni\u00f3n de plata&#8221;<\/strong>.<\/p>\n<p>El Rolfi se mostr\u00f3 dolido por haber sido se\u00f1alado como uno de los responsables de este esc\u00e1ndalo deportivo y econ\u00f3mico. <strong>&#8220;Hay cosas que duelen, molesta quedar pegado en estas cosas y sabiendo de qu\u00e9 manera trabaj\u00e1bamos nosotros. Nunca fuimos a hacerle un da\u00f1o al club. Podemos tener errores o aciertos con un jugador pero no meter la mano en la lata&#8221;<\/strong>, lament\u00f3.<\/p>\n<p>Finalmente, sostuvo que esta desprolijidad se dio justamente porque la c\u00fapula dirigencial negociaba por su cuenta, sin involucrarlo ni consultarle. <strong>&#8220;Siendo un m\u00e1nager ten\u00e9s que tener un presupuesto, porque si no, pasa lo que pasa ahora. Eleg\u00eds a un jugador, despu\u00e9s no te met\u00e9s en lo econ\u00f3mico y qued\u00e1s pegado. Todos van a decir &#8216;\u00bfpero vos no sab\u00edas?&#8217;. No, porque yo no sab\u00eda con qu\u00e9 presupuesto cont\u00e1bamos. Habl\u00e1bamos todo lo deportivo y despu\u00e9s nos deslig\u00e1bamos porque yo entend\u00eda que el club, al dar el s\u00ed, pod\u00eda pagarle&#8221;<\/strong>, sentenci\u00f3.<\/p>\n","protected":false},"excerpt":{"rendered":"<p>Daniel Montenegro rompi\u00f3 el silencio y dio su versi\u00f3n sobre el esc\u00e1ndalo con Juan Ignacio Cazares. El exasesor deportivo de Independiente responsabiliz\u00f3 a la gesti\u00f3n anterior. D\u00edas atr\u00e1s se supo que el ecuatoriano no hab\u00eda llegado al club en condici\u00f3n de libre como hab\u00eda informado la gesti\u00f3n de Hugo Moyano. Gracias a un investigaci\u00f3n del [&hellip;]<\/p>\n","protected":false},"author":8,"featured_media":104425,"comment_status":"open","ping_status":"closed","sticky":false,"template":"","format":"standard","meta":{"_links_to":"","_links_to_target":""},"categories":[3280,3247],"tags":[153,1859,5141],"_links":{"self":[{"href":"https:\/\/www.locoxelrojo.com\/independiente\/wp-json\/wp\/v2\/posts\/111331"}],"collection":[{"href":"https:\/\/www.locoxelrojo.com\/independiente\/wp-json\/wp\/v2\/posts"}],"about":[{"href":"https:\/\/www.locoxelrojo.com\/independiente\/wp-json\/wp\/v2\/types\/post"}],"author":[{"embeddable":true,"href":"https:\/\/www.locoxelrojo.com\/independiente\/wp-json\/wp\/v2\/users\/8"}],"replies":[{"embeddable":true,"href":"https:\/\/www.locoxelrojo.com\/independiente\/wp-json\/wp\/v2\/comments?post=111331"}],"version-history":[{"count":4,"href":"https:\/\/www.locoxelrojo.com\/independiente\/wp-json\/wp\/v2\/posts\/111331\/revisions"}],"predecessor-version":[{"id":111335,"href":"https:\/\/www.locoxelrojo.com\/independiente\/wp-json\/wp\/v2\/posts\/111331\/revisions\/111335"}],"wp:featuredmedia":[{"embeddable":true,"href":"https:\/\/www.locoxelrojo.com\/independiente\/wp-json\/wp\/v2\/media\/104425"}],"wp:attachment":[{"href":"https:\/\/www.locoxelrojo.com\/independiente\/wp-json\/wp\/v2\/media?parent=111331"}],"wp:term":[{"taxonomy":"category","embeddable":true,"href":"https:\/\/www.locoxelrojo.com\/independiente\/wp-json\/wp\/v2\/categories?post=111331"},{"taxonomy":"post_tag","embeddable":true,"href":"https:\/\/www.locoxelrojo.com\/independiente\/wp-json\/wp\/v2\/tags?post=111331"}],"curies":[{"name":"wp","href":"https:\/\/api.w.org\/{rel}","templated":true}]}}