{"id":111336,"date":"2023-03-07T10:01:52","date_gmt":"2023-03-07T13:01:52","guid":{"rendered":"https:\/\/www.locoxelrojo.com\/independiente\/?p=111336"},"modified":"2023-03-07T20:22:51","modified_gmt":"2023-03-07T23:22:51","slug":"walker-este-ano-el-concurso-de-acreedores-deberia-estar-finalizado","status":"publish","type":"post","link":"https:\/\/www.locoxelrojo.com\/independiente\/2023\/03\/07\/walker-este-ano-el-concurso-de-acreedores-deberia-estar-finalizado\/","title":{"rendered":"Walker: &#8220;Este a\u00f1o el concurso de acreedores deber\u00eda estar finalizado&#8221;"},"content":{"rendered":"<p><strong>Maximiliano Walker<\/strong>, gerente de legales de Independiente, dio precesiones sobre un tema que qued\u00f3 en el olvido en la memoria del hincha: <strong>la convocatoria de acreedores<\/strong>.<\/p>\n<p>Bajo el mandato de <strong>Julio Comparada, en julio de 2005<\/strong>, Independiente se present\u00f3 en convocatoria de acreedores en los Tribunales de Lomas de Zamora. <strong>La deuda en ese momento superaba los 45.000.000 de pesos. Desde ah\u00ed hasta la actualidad, nunca se cancel\u00f3. <\/strong><\/p>\n<p><strong>Pasaron los gobiernos, todos declararon que iban a ponerle fin, pero qued\u00f3 en la nada.<\/strong> En esta oportunidad, en di\u00e1logo con Orgullo Rojo, fue uno de los encargados de llevar adelante las causas judiciales del club el que lo prometi\u00f3.<\/p>\n<p><strong>&#8220;Nunca se termin\u00f3 de cerrar. Habl\u00e9 con los abogados que llevan el concurso y estamos abocados a darle una finalizaci\u00f3n a ese proceso que se demor\u00f3 mucho m\u00e1s de lo necesario&#8221;<\/strong>, expres\u00f3. Y cerr\u00f3: <strong>&#8220;Me permito decir que en el lapso de este a\u00f1o el concurso de acreedores deber\u00eda estar finalizado, as\u00ed lo quiere esta Comisi\u00f3n Directiva&#8221;<\/strong>.<\/p>\n","protected":false},"excerpt":{"rendered":"<p>Maximiliano Walker, gerente de legales de Independiente, dio precesiones sobre un tema que qued\u00f3 en el olvido en la memoria del hincha: la convocatoria de acreedores. Bajo el mandato de Julio Comparada, en julio de 2005, Independiente se present\u00f3 en convocatoria de acreedores en los Tribunales de Lomas de Zamora. La deuda en ese momento [&hellip;]<\/p>\n","protected":false},"author":1,"featured_media":111337,"comment_status":"open","ping_status":"closed","sticky":false,"template":"","format":"standard","meta":{"_links_to":"","_links_to_target":""},"categories":[3280,3247],"tags":[153,1344,5329],"_links":{"self":[{"href":"https:\/\/www.locoxelrojo.com\/independiente\/wp-json\/wp\/v2\/posts\/111336"}],"collection":[{"href":"https:\/\/www.locoxelrojo.com\/independiente\/wp-json\/wp\/v2\/posts"}],"about":[{"href":"https:\/\/www.locoxelrojo.com\/independiente\/wp-json\/wp\/v2\/types\/post"}],"author":[{"embeddable":true,"href":"https:\/\/www.locoxelrojo.com\/independiente\/wp-json\/wp\/v2\/users\/1"}],"replies":[{"embeddable":true,"href":"https:\/\/www.locoxelrojo.com\/independiente\/wp-json\/wp\/v2\/comments?post=111336"}],"version-history":[{"count":1,"href":"https:\/\/www.locoxelrojo.com\/independiente\/wp-json\/wp\/v2\/posts\/111336\/revisions"}],"predecessor-version":[{"id":111338,"href":"https:\/\/www.locoxelrojo.com\/independiente\/wp-json\/wp\/v2\/posts\/111336\/revisions\/111338"}],"wp:featuredmedia":[{"embeddable":true,"href":"https:\/\/www.locoxelrojo.com\/independiente\/wp-json\/wp\/v2\/media\/111337"}],"wp:attachment":[{"href":"https:\/\/www.locoxelrojo.com\/independiente\/wp-json\/wp\/v2\/media?parent=111336"}],"wp:term":[{"taxonomy":"category","embeddable":true,"href":"https:\/\/www.locoxelrojo.com\/independiente\/wp-json\/wp\/v2\/categories?post=111336"},{"taxonomy":"post_tag","embeddable":true,"href":"https:\/\/www.locoxelrojo.com\/independiente\/wp-json\/wp\/v2\/tags?post=111336"}],"curies":[{"name":"wp","href":"https:\/\/api.w.org\/{rel}","templated":true}]}}