{"id":111361,"date":"2023-03-08T19:10:45","date_gmt":"2023-03-08T22:10:45","guid":{"rendered":"https:\/\/www.locoxelrojo.com\/independiente\/?p=111361"},"modified":"2023-03-08T19:10:45","modified_gmt":"2023-03-08T22:10:45","slug":"vallejo-extendio-su-contrato-hasta-2026","status":"publish","type":"post","link":"https:\/\/www.locoxelrojo.com\/independiente\/2023\/03\/08\/vallejo-extendio-su-contrato-hasta-2026\/","title":{"rendered":"Vallejo extendi\u00f3 su contrato hasta 2026"},"content":{"rendered":"<p><strong>Nicol\u00e1s Vallejo firm\u00f3 la renovaci\u00f3n de su contrato con Independiente hasta diciembre de 2026.<\/strong><\/p>\n<p>El v\u00ednculo del Chaco con el Rojo <strong>venc\u00eda a fin de a\u00f1o y la dirigencia se apur\u00f3 en resolver su situaci\u00f3n<\/strong> para evitar repetir los dolores de cabeza que tuvo con Domingo Blanco, Alan So\u00f1ora y Sergio Barreto. Este mi\u00e9rcoles qued\u00f3 sellada su continuidad.<\/p>\n<p>El delantero de 19 a\u00f1os extendi\u00f3 su contrato con el club por dos a\u00f1os m\u00e1s, hasta diciembre de 2026, con una <strong>cl\u00e1usula de rescisi\u00f3n de 15.000.000 de d\u00f3lares<\/strong>.<\/p>\n<p>En un torneo que empez\u00f3 de manera bastante irregular, <strong>Vallejo se convirti\u00f3 en una pieza clave en el ataque<\/strong> y es una de las pocas certezas que tiene Leandro Stillitano en el armado del equipo.<\/p>\n<blockquote class=\"twitter-tweet\" data-width=\"550\" data-dnt=\"true\">\n<p lang=\"es\" dir=\"ltr\">Presente y futuro del Rey de Copas.<\/p>\n<p>\u00a1Vamos los pibes! \ud83d\udc4a<a href=\"https:\/\/twitter.com\/hashtag\/TodoRojo?src=hash&amp;ref_src=twsrc%5Etfw\">#TodoRojo<\/a> \ud83d\udd34 <a href=\"https:\/\/t.co\/p1HeRojrcE\">pic.twitter.com\/p1HeRojrcE<\/a><\/p>\n<p>&mdash; C. A. Independiente (@Independiente) <a href=\"https:\/\/twitter.com\/Independiente\/status\/1633510547848142855?ref_src=twsrc%5Etfw\">March 8, 2023<\/a><\/p><\/blockquote>\n<p><script async src=\"https:\/\/platform.twitter.com\/widgets.js\" charset=\"utf-8\"><\/script><\/p>\n","protected":false},"excerpt":{"rendered":"<p>Nicol\u00e1s Vallejo firm\u00f3 la renovaci\u00f3n de su contrato con Independiente hasta diciembre de 2026. El v\u00ednculo del Chaco con el Rojo venc\u00eda a fin de a\u00f1o y la dirigencia se apur\u00f3 en resolver su situaci\u00f3n para evitar repetir los dolores de cabeza que tuvo con Domingo Blanco, Alan So\u00f1ora y Sergio Barreto. Este mi\u00e9rcoles qued\u00f3 [&hellip;]<\/p>\n","protected":false},"author":8,"featured_media":111362,"comment_status":"open","ping_status":"closed","sticky":false,"template":"","format":"standard","meta":{"_links_to":"","_links_to_target":""},"categories":[3280,3247],"tags":[153,5186],"_links":{"self":[{"href":"https:\/\/www.locoxelrojo.com\/independiente\/wp-json\/wp\/v2\/posts\/111361"}],"collection":[{"href":"https:\/\/www.locoxelrojo.com\/independiente\/wp-json\/wp\/v2\/posts"}],"about":[{"href":"https:\/\/www.locoxelrojo.com\/independiente\/wp-json\/wp\/v2\/types\/post"}],"author":[{"embeddable":true,"href":"https:\/\/www.locoxelrojo.com\/independiente\/wp-json\/wp\/v2\/users\/8"}],"replies":[{"embeddable":true,"href":"https:\/\/www.locoxelrojo.com\/independiente\/wp-json\/wp\/v2\/comments?post=111361"}],"version-history":[{"count":1,"href":"https:\/\/www.locoxelrojo.com\/independiente\/wp-json\/wp\/v2\/posts\/111361\/revisions"}],"predecessor-version":[{"id":111363,"href":"https:\/\/www.locoxelrojo.com\/independiente\/wp-json\/wp\/v2\/posts\/111361\/revisions\/111363"}],"wp:featuredmedia":[{"embeddable":true,"href":"https:\/\/www.locoxelrojo.com\/independiente\/wp-json\/wp\/v2\/media\/111362"}],"wp:attachment":[{"href":"https:\/\/www.locoxelrojo.com\/independiente\/wp-json\/wp\/v2\/media?parent=111361"}],"wp:term":[{"taxonomy":"category","embeddable":true,"href":"https:\/\/www.locoxelrojo.com\/independiente\/wp-json\/wp\/v2\/categories?post=111361"},{"taxonomy":"post_tag","embeddable":true,"href":"https:\/\/www.locoxelrojo.com\/independiente\/wp-json\/wp\/v2\/tags?post=111361"}],"curies":[{"name":"wp","href":"https:\/\/api.w.org\/{rel}","templated":true}]}}