{"id":111440,"date":"2023-03-12T09:54:26","date_gmt":"2023-03-12T12:54:26","guid":{"rendered":"https:\/\/www.locoxelrojo.com\/independiente\/?p=111440"},"modified":"2023-03-12T20:08:54","modified_gmt":"2023-03-12T23:08:54","slug":"benegas-no-me-fueron-de-frente","status":"publish","type":"post","link":"https:\/\/www.locoxelrojo.com\/independiente\/2023\/03\/12\/benegas-no-me-fueron-de-frente\/","title":{"rendered":"Benegas: &#8220;No me fueron de frente&#8221;"},"content":{"rendered":"<p><strong>Leandro Benegas<\/strong>, hoy en Colo Colo, dispar\u00f3 contra los dirigentes por su salida de Independiente.<\/p>\n<p>En di\u00e1logo con D Sports Radio, el Tanque responsabiliz\u00f3 a la Comisi\u00f3n Directiva que encabeza Fabi\u00e1n Doman sobre su ida del club. Hay que recordar que <strong>parti\u00f3 en el \u00faltimo mercado de pases al f\u00fatbol chileno <a href=\"https:\/\/www.locoxelrojo.com\/independiente\/2023\/01\/05\/benegas-se-va-de-independiente\/\">a cambio de un resarcimiento por 200.000 d\u00f3lares<\/a><\/strong>.<\/p>\n<p><strong>&#8220;Algunas veces sent\u00ed que me tiraban a la pelea con la gente, dec\u00edan que yo me quer\u00eda ir cuando nunca se acercaron a hablar para ver qu\u00e9 quer\u00eda hacer. Siempre se lo ataca al jugador y a veces hay cosas que no salen a la luz, solo se conoce lo que le conviene a algunos&#8221;<\/strong>, expres\u00f3 el delantero. <strong>&#8220;La dirigencia estaba en todo su derecho de no quererme, pero tranquilamente podr\u00edan hab\u00e9rmelo dicho en la cara y termin\u00e1bamos bien. Sent\u00ed que no me fueron de frente&#8221;<\/strong>, agreg\u00f3.<\/p>\n<p><strong>Jug\u00f3 41 partidos con la camiseta de Independiente y convirti\u00f3 13 goles<\/strong>, una cifra para nada despreciable teniendo en cuenta el d\u00e9ficit que hay en el equipo de Leandro Stillitano. <strong>&#8220;Creo que merec\u00eda otro trato, los n\u00fameros que tuve merec\u00edan una charla y ver si pod\u00eda mejorar algunas pretensiones que ten\u00eda porque el contrato no era el mejor, aunque me serv\u00eda a m\u00ed y tambi\u00e9n al club&#8221;<\/strong>, explic\u00f3.<\/p>\n<p><strong>&#8220;Igualmente, fue un paso m\u00e1s que positivo&#8221;<\/strong>, cerr\u00f3.<\/p>\n","protected":false},"excerpt":{"rendered":"<p>Leandro Benegas, hoy en Colo Colo, dispar\u00f3 contra los dirigentes por su salida de Independiente. En di\u00e1logo con D Sports Radio, el Tanque responsabiliz\u00f3 a la Comisi\u00f3n Directiva que encabeza Fabi\u00e1n Doman sobre su ida del club. Hay que recordar que parti\u00f3 en el \u00faltimo mercado de pases al f\u00fatbol chileno a cambio de un [&hellip;]<\/p>\n","protected":false},"author":1,"featured_media":105683,"comment_status":"open","ping_status":"closed","sticky":false,"template":"","format":"standard","meta":{"_links_to":"","_links_to_target":""},"categories":[3280,3247],"tags":[5128],"_links":{"self":[{"href":"https:\/\/www.locoxelrojo.com\/independiente\/wp-json\/wp\/v2\/posts\/111440"}],"collection":[{"href":"https:\/\/www.locoxelrojo.com\/independiente\/wp-json\/wp\/v2\/posts"}],"about":[{"href":"https:\/\/www.locoxelrojo.com\/independiente\/wp-json\/wp\/v2\/types\/post"}],"author":[{"embeddable":true,"href":"https:\/\/www.locoxelrojo.com\/independiente\/wp-json\/wp\/v2\/users\/1"}],"replies":[{"embeddable":true,"href":"https:\/\/www.locoxelrojo.com\/independiente\/wp-json\/wp\/v2\/comments?post=111440"}],"version-history":[{"count":1,"href":"https:\/\/www.locoxelrojo.com\/independiente\/wp-json\/wp\/v2\/posts\/111440\/revisions"}],"predecessor-version":[{"id":111441,"href":"https:\/\/www.locoxelrojo.com\/independiente\/wp-json\/wp\/v2\/posts\/111440\/revisions\/111441"}],"wp:featuredmedia":[{"embeddable":true,"href":"https:\/\/www.locoxelrojo.com\/independiente\/wp-json\/wp\/v2\/media\/105683"}],"wp:attachment":[{"href":"https:\/\/www.locoxelrojo.com\/independiente\/wp-json\/wp\/v2\/media?parent=111440"}],"wp:term":[{"taxonomy":"category","embeddable":true,"href":"https:\/\/www.locoxelrojo.com\/independiente\/wp-json\/wp\/v2\/categories?post=111440"},{"taxonomy":"post_tag","embeddable":true,"href":"https:\/\/www.locoxelrojo.com\/independiente\/wp-json\/wp\/v2\/tags?post=111440"}],"curies":[{"name":"wp","href":"https:\/\/api.w.org\/{rel}","templated":true}]}}