{"id":111483,"date":"2023-03-14T21:25:02","date_gmt":"2023-03-15T00:25:02","guid":{"rendered":"https:\/\/www.locoxelrojo.com\/independiente\/?p=111483"},"modified":"2023-03-14T22:25:57","modified_gmt":"2023-03-15T01:25:57","slug":"la-tristeza-de-pozzo-tras-la-lesion-tengo-el-alma-destrozada","status":"publish","type":"post","link":"https:\/\/www.locoxelrojo.com\/independiente\/2023\/03\/14\/la-tristeza-de-pozzo-tras-la-lesion-tengo-el-alma-destrozada\/","title":{"rendered":"La tristeza de Pozzo tras la lesi\u00f3n: &#8220;Tengo el alma destrozada&#8221;"},"content":{"rendered":"<p><strong>Tom\u00e1s Pozzo<\/strong> expres\u00f3 su tristeza por la grave lesi\u00f3n que lo tendr\u00e1 afuera de las canchas entre seis y ocho meses.<\/p>\n<p>El lunes se confirm\u00f3 que <a href=\"https:\/\/www.locoxelrojo.com\/independiente\/2023\/03\/13\/pozzo-recibio-el-parte-medico\/\">Toto hab\u00eda sufrido una rotura del ligamento cruzado anterior de su rodilla izquierda<\/a> durante la pr\u00e1ctica en Villa Dom\u00ednico. La largu\u00edsima recuperaci\u00f3n lo obliga a estar sin jugar hasta octubre, como m\u00ednimo. Para el jugador fue un golpe dur\u00edsimo y este martes puso su dolor en palabras en su cuenta de Instagram.<\/p>\n<p><strong>&#8220;Me cuesta mucho verle el lado positivo a lo que me sucedi\u00f3. El d\u00eda de ayer fue el d\u00eda m\u00e1s triste en mi carrera como profesional. Tengo el alma destrozada. Estar\u00e9 lejos de lo que m\u00e1s amo en este mundo y dedico mi vida entera por un largo tiempo&#8221;<\/strong>, comenz\u00f3 Pozzo.<\/p>\n<p><strong>&#8220;Es muy injusta la vida ciertas veces pero nada de lo que se haga con amor puede salir mal. Dedicar\u00e9 cada d\u00eda a partir de hoy en fortalecer mi mente y cuerpo con energ\u00edas y gente positiva&#8221;<\/strong>, a\u00f1adi\u00f3 en el posteo.<\/p>\n<p>Por el \u00faltimo, agradeci\u00f3 a la gente que le mand\u00f3 mensajes por las redes sociales y confi\u00f3 en que pronto dejar\u00e1 atr\u00e1s este mal momento. <strong>&#8220;Agradezco el amor del hincha del club hacia m\u00ed, no tengo dudas que volver\u00e9 mucho m\u00e1s fuerte que antes y sacaremos adelante esto todos junto a mis compa\u00f1eros y profesionales en su trabajo&#8221;<\/strong>, cerr\u00f3.<\/p>\n<p><strong>\u00a1Fuerza, Toto!<\/strong><\/p>\n<blockquote class=\"instagram-media\" style=\"background: #FFF; border: 0; border-radius: 3px; box-shadow: 0 0 1px 0 rgba(0,0,0,0.5),0 1px 10px 0 rgba(0,0,0,0.15); margin: 1px; max-width: 540px; min-width: 326px; padding: 0; width: calc(100% - 2px);\" data-instgrm-captioned=\"\" data-instgrm-permalink=\"https:\/\/www.instagram.com\/p\/CpyZCttvXWs\/?utm_source=ig_embed&amp;utm_campaign=loading\" data-instgrm-version=\"14\">\n<div style=\"padding: 16px;\">\n<p>&nbsp;<\/p>\n<div style=\"display: flex; flex-direction: row; align-items: center;\">\n<div style=\"background-color: #f4f4f4; border-radius: 50%; flex-grow: 0; height: 40px; margin-right: 14px; width: 40px;\"><\/div>\n<div style=\"display: flex; flex-direction: column; flex-grow: 1; justify-content: center;\">\n<div style=\"background-color: #f4f4f4; border-radius: 4px; flex-grow: 0; height: 14px; margin-bottom: 6px; width: 100px;\"><\/div>\n<div style=\"background-color: #f4f4f4; border-radius: 4px; flex-grow: 0; height: 14px; width: 60px;\"><\/div>\n<\/div>\n<\/div>\n<div style=\"padding: 19% 0;\"><\/div>\n<div style=\"display: block; height: 50px; margin: 0 auto 12px; width: 50px;\"><\/div>\n<div style=\"padding-top: 8px;\">\n<div style=\"color: #3897f0; font-family: Arial,sans-serif; font-size: 14px; font-style: normal; font-weight: 550; line-height: 18px;\">Ver esta publicaci\u00f3n en Instagram<\/div>\n<\/div>\n<div style=\"padding: 12.5% 0;\"><\/div>\n<div style=\"display: flex; flex-direction: row; margin-bottom: 14px; align-items: center;\">\n<div>\n<div style=\"background-color: #f4f4f4; border-radius: 50%; height: 12.5px; width: 12.5px; transform: translateX(0px) translateY(7px);\"><\/div>\n<div style=\"background-color: #f4f4f4; height: 12.5px; transform: rotate(-45deg) translateX(3px) translateY(1px); width: 12.5px; flex-grow: 0; margin-right: 14px; margin-left: 2px;\"><\/div>\n<div style=\"background-color: #f4f4f4; border-radius: 50%; height: 12.5px; width: 12.5px; transform: translateX(9px) translateY(-18px);\"><\/div>\n<\/div>\n<div style=\"margin-left: 8px;\">\n<div style=\"background-color: #f4f4f4; border-radius: 50%; flex-grow: 0; height: 20px; width: 20px;\"><\/div>\n<div style=\"width: 0; height: 0; border-top: 2px solid transparent; border-left: 6px solid #f4f4f4; border-bottom: 2px solid transparent; transform: translateX(16px) translateY(-4px) rotate(30deg);\"><\/div>\n<\/div>\n<div style=\"margin-left: auto;\">\n<div style=\"width: 0px; border-top: 8px solid #F4F4F4; border-right: 8px solid transparent; transform: translateY(16px);\"><\/div>\n<div style=\"background-color: #f4f4f4; flex-grow: 0; height: 12px; width: 16px; transform: translateY(-4px);\"><\/div>\n<div style=\"width: 0; height: 0; border-top: 8px solid #F4F4F4; border-left: 8px solid transparent; transform: translateY(-4px) translateX(8px);\"><\/div>\n<\/div>\n<\/div>\n<div style=\"display: flex; flex-direction: column; flex-grow: 1; justify-content: center; margin-bottom: 24px;\">\n<div style=\"background-color: #f4f4f4; border-radius: 4px; flex-grow: 0; height: 14px; margin-bottom: 6px; width: 224px;\"><\/div>\n<div style=\"background-color: #f4f4f4; border-radius: 4px; flex-grow: 0; height: 14px; width: 144px;\"><\/div>\n<\/div>\n<p>&nbsp;<\/p>\n<p style=\"color: #c9c8cd; font-family: Arial,sans-serif; font-size: 14px; line-height: 17px; margin-bottom: 0; margin-top: 8px; overflow: hidden; padding: 8px 0 7px; text-align: center; text-overflow: ellipsis; white-space: nowrap;\"><a style=\"color: #c9c8cd; font-family: Arial,sans-serif; font-size: 14px; font-style: normal; font-weight: normal; line-height: 17px; text-decoration: none;\" href=\"https:\/\/www.instagram.com\/p\/CpyZCttvXWs\/?utm_source=ig_embed&amp;utm_campaign=loading\" target=\"_blank\" rel=\"noopener\">Una publicaci\u00f3n compartida por LocoXelRojo.com (@locoxelrojoweb)<\/a><\/p>\n<\/div>\n<\/blockquote>\n<p><script async src=\"\/\/www.instagram.com\/embed.js\"><\/script><\/p>\n","protected":false},"excerpt":{"rendered":"<p>Tom\u00e1s Pozzo expres\u00f3 su tristeza por la grave lesi\u00f3n que lo tendr\u00e1 afuera de las canchas entre seis y ocho meses. El lunes se confirm\u00f3 que Toto hab\u00eda sufrido una rotura del ligamento cruzado anterior de su rodilla izquierda durante la pr\u00e1ctica en Villa Dom\u00ednico. La largu\u00edsima recuperaci\u00f3n lo obliga a estar sin jugar hasta [&hellip;]<\/p>\n","protected":false},"author":8,"featured_media":111485,"comment_status":"open","ping_status":"closed","sticky":false,"template":"","format":"standard","meta":{"_links_to":"","_links_to_target":""},"categories":[3247,3],"tags":[153,4255],"_links":{"self":[{"href":"https:\/\/www.locoxelrojo.com\/independiente\/wp-json\/wp\/v2\/posts\/111483"}],"collection":[{"href":"https:\/\/www.locoxelrojo.com\/independiente\/wp-json\/wp\/v2\/posts"}],"about":[{"href":"https:\/\/www.locoxelrojo.com\/independiente\/wp-json\/wp\/v2\/types\/post"}],"author":[{"embeddable":true,"href":"https:\/\/www.locoxelrojo.com\/independiente\/wp-json\/wp\/v2\/users\/8"}],"replies":[{"embeddable":true,"href":"https:\/\/www.locoxelrojo.com\/independiente\/wp-json\/wp\/v2\/comments?post=111483"}],"version-history":[{"count":1,"href":"https:\/\/www.locoxelrojo.com\/independiente\/wp-json\/wp\/v2\/posts\/111483\/revisions"}],"predecessor-version":[{"id":111484,"href":"https:\/\/www.locoxelrojo.com\/independiente\/wp-json\/wp\/v2\/posts\/111483\/revisions\/111484"}],"wp:featuredmedia":[{"embeddable":true,"href":"https:\/\/www.locoxelrojo.com\/independiente\/wp-json\/wp\/v2\/media\/111485"}],"wp:attachment":[{"href":"https:\/\/www.locoxelrojo.com\/independiente\/wp-json\/wp\/v2\/media?parent=111483"}],"wp:term":[{"taxonomy":"category","embeddable":true,"href":"https:\/\/www.locoxelrojo.com\/independiente\/wp-json\/wp\/v2\/categories?post=111483"},{"taxonomy":"post_tag","embeddable":true,"href":"https:\/\/www.locoxelrojo.com\/independiente\/wp-json\/wp\/v2\/tags?post=111483"}],"curies":[{"name":"wp","href":"https:\/\/api.w.org\/{rel}","templated":true}]}}