{"id":111527,"date":"2023-03-18T10:00:39","date_gmt":"2023-03-18T13:00:39","guid":{"rendered":"https:\/\/www.locoxelrojo.com\/independiente\/?p=111527"},"modified":"2023-03-18T04:30:01","modified_gmt":"2023-03-18T07:30:01","slug":"es-la-hora-de-ganar-6","status":"publish","type":"post","link":"https:\/\/www.locoxelrojo.com\/independiente\/2023\/03\/18\/es-la-hora-de-ganar-6\/","title":{"rendered":"Es la hora de ganar"},"content":{"rendered":"<p><strong>Por la 8\u00aa fecha de la Liga Profesional, Independiente recibir\u00e1 a Col\u00f3n desde las 19 en el Estadio Libertadores de Am\u00e9rica &#8211; Ricardo Enrique Bochini, con <a href=\"https:\/\/www.locoxelrojo.com\/independiente\/2023\/03\/14\/lamolina-el-arbitro-ante-colon\/\">el arbitraje de Nicol\u00e1s Lamolina<\/a>.<\/strong><\/p>\n<p>La campa\u00f1a del Rojo viene siendo bastante pobre. Apenas <strong>7 puntos de 21 posibles<\/strong> pusieron al equipo en la parte baja de la tabla, mirando de reojo los promedios y con el DT en el centro de los cuestionamientos. Esta tarde ser\u00e1<strong> una buena oportunidad de levantar cabeza ante el Sabalero, que va \u00faltimo y todav\u00eda no gan\u00f3<\/strong>.<\/p>\n<p>La semana no fue nada f\u00e1cil para Leandro Stillitano. En un clima caldeado por las <a href=\"https:\/\/www.locoxelrojo.com\/independiente\/2023\/03\/14\/stillitano-no-me-voy-a-ir-estoy-muy-bien\/\">declaraciones cruzadas con el presidente Fabi\u00e1n Doman<\/a>, el t\u00e9cnico tuvo dos p\u00e9simas noticias con las<strong> graves lesiones de<a href=\"https:\/\/www.locoxelrojo.com\/independiente\/2023\/03\/13\/pozzo-recibio-el-parte-medico\/\"> Tom\u00e1s Pozzo<\/a> y <a href=\"https:\/\/www.locoxelrojo.com\/independiente\/2023\/03\/17\/marquez-y-una-nueva-rotura-de-ligamentos\/\">Rodrigo M\u00e1rquez<\/a><\/strong>. Asimismo, al menos para esta fecha, no habr\u00e1 muchos cambios: la \u00fanica variante ser\u00eda <strong>el ingreso de Luciano G\u00f3mez como lateral derecho<\/strong>, en lugar del expulsado Sergio Barreto. As\u00ed, <strong>Javier B\u00e1ez se correr\u00eda a la zaga central<\/strong>.<\/p>\n<p>Por su parte, Col\u00f3n tambi\u00e9n llega de capa ca\u00edda. <a href=\"https:\/\/www.locoxelrojo.com\/independiente\/2023\/03\/17\/asi-llega-colon-6\/\">4 empates y 3 derrotas lo mantienen en el fondo de la tabla y en puesto de descenso<\/a>. A\u00fan as\u00ed, N\u00e9stor Gorosito renovar\u00eda la confianza de los jugadores y pondr\u00eda en cancha a los mismos que empataron 1-1 con Newell&#8217;s en el Cementerio de los Elefantes.<\/p>\n<h3>Probables formaciones<\/h3>\n<p><strong>Independiente:<\/strong> Rodrigo Rey; Luciano G\u00f3mez, Javier B\u00e1ez, Joaqu\u00edn Laso, Ayrton Costa; Baltasar Barcia, Agust\u00edn Mulet, Sergio Ortiz, Nicol\u00e1s Vallejo; Mat\u00edas Gim\u00e9nez y Mart\u00edn Cauteruccio.<br \/>\n<strong>DT:<\/strong> Leandro Stillitano.<\/p>\n<p><strong>Col\u00f3n:<\/strong> Ignacio Chicco; Facundo Garc\u00e9s, Paolo Goltz, Rafael Delgado; Juan \u00c1lvarez, Juli\u00e1n Chicco, Stefano Moreyra, Carlos Arr\u00faa; Joaqu\u00edn Ib\u00e1\u00f1ez; Santiago Pierotti y Jorge Ben\u00edtez.<br \/>\n<strong>DT:<\/strong> N\u00e9stor Gorosito.<\/p>\n<p><strong>\u00c1rbitro:<\/strong> Nicol\u00e1s Lamolina.<\/p>\n<p><strong>Hora:<\/strong> 19:00.<\/p>\n<p><strong>Estadio:<\/strong> Libertadores de Am\u00e9rica &#8211; Ricardo Enrique Bochini.<\/p>\n<p><strong>TV:<\/strong> ESPN Premium.<\/p>\n","protected":false},"excerpt":{"rendered":"<p>Por la 8\u00aa fecha de la Liga Profesional, Independiente recibir\u00e1 a Col\u00f3n desde las 19 en el Estadio Libertadores de Am\u00e9rica &#8211; Ricardo Enrique Bochini, con el arbitraje de Nicol\u00e1s Lamolina. La campa\u00f1a del Rojo viene siendo bastante pobre. Apenas 7 puntos de 21 posibles pusieron al equipo en la parte baja de la tabla, [&hellip;]<\/p>\n","protected":false},"author":8,"featured_media":111531,"comment_status":"open","ping_status":"closed","sticky":false,"template":"","format":"standard","meta":{"_links_to":"","_links_to_target":""},"categories":[3247,2007],"tags":[153,2740,3521,5275],"_links":{"self":[{"href":"https:\/\/www.locoxelrojo.com\/independiente\/wp-json\/wp\/v2\/posts\/111527"}],"collection":[{"href":"https:\/\/www.locoxelrojo.com\/independiente\/wp-json\/wp\/v2\/posts"}],"about":[{"href":"https:\/\/www.locoxelrojo.com\/independiente\/wp-json\/wp\/v2\/types\/post"}],"author":[{"embeddable":true,"href":"https:\/\/www.locoxelrojo.com\/independiente\/wp-json\/wp\/v2\/users\/8"}],"replies":[{"embeddable":true,"href":"https:\/\/www.locoxelrojo.com\/independiente\/wp-json\/wp\/v2\/comments?post=111527"}],"version-history":[{"count":3,"href":"https:\/\/www.locoxelrojo.com\/independiente\/wp-json\/wp\/v2\/posts\/111527\/revisions"}],"predecessor-version":[{"id":111530,"href":"https:\/\/www.locoxelrojo.com\/independiente\/wp-json\/wp\/v2\/posts\/111527\/revisions\/111530"}],"wp:featuredmedia":[{"embeddable":true,"href":"https:\/\/www.locoxelrojo.com\/independiente\/wp-json\/wp\/v2\/media\/111531"}],"wp:attachment":[{"href":"https:\/\/www.locoxelrojo.com\/independiente\/wp-json\/wp\/v2\/media?parent=111527"}],"wp:term":[{"taxonomy":"category","embeddable":true,"href":"https:\/\/www.locoxelrojo.com\/independiente\/wp-json\/wp\/v2\/categories?post=111527"},{"taxonomy":"post_tag","embeddable":true,"href":"https:\/\/www.locoxelrojo.com\/independiente\/wp-json\/wp\/v2\/tags?post=111527"}],"curies":[{"name":"wp","href":"https:\/\/api.w.org\/{rel}","templated":true}]}}