{"id":111751,"date":"2023-03-27T20:29:15","date_gmt":"2023-03-27T23:29:15","guid":{"rendered":"https:\/\/www.locoxelrojo.com\/independiente\/?p=111751"},"modified":"2023-03-27T22:49:13","modified_gmt":"2023-03-28T01:49:13","slug":"dirige-con-san-lorenzo-y-despues","status":"publish","type":"post","link":"https:\/\/www.locoxelrojo.com\/independiente\/2023\/03\/27\/dirige-con-san-lorenzo-y-despues\/","title":{"rendered":"Dirige con San Lorenzo, \u00bfy despu\u00e9s?"},"content":{"rendered":"<p>Independiente contin\u00faa en la b\u00fasqueda de un entrenador. <strong>La \u00fanica certeza hasta el momento es qui\u00e9n estar\u00e1 en el banco el pr\u00f3ximo partido con San Lorenzo.<\/strong><\/p>\n<p>Los dirigentes de Independiente siguen abocados a la b\u00fasqueda del pr\u00f3ximo DT. E<strong>ste lunes se iba a llevar adelante una reuni\u00f3n importante de la subcomisi\u00f3n de f\u00fatbol, pero la misma qued\u00f3 postergada.<\/strong> En principio, la nueva fecha ser\u00e1 este martes.<\/p>\n<p>Sin embargo, tras la victoria frente a Ciudad de Bol\u00edvar por Copa Argentina se tom\u00f3 una decisi\u00f3n. <strong>Fabi\u00e1n Doman le comunic\u00f3 a Pedro Monz\u00f3n que su interinato se extiende una semana m\u00e1s.<\/strong> De esta manera, ante el Cicl\u00f3n, este s\u00e1bado a las 19 por la fecha 9 de la Liga Profesional, el Moncho ser\u00e1 qui\u00e9n est\u00e9 al frente del equipo nuevamente.<strong> Este lunes se lo ratificaron en la pr\u00e1ctica en Villa Dom\u00ednico.<\/strong><\/p>\n<p>\u00bfY despu\u00e9s? <strong>Las charlas con Ricardo Zielinski continuaron, pero finalmente su llegada qued\u00f3 descartada<\/strong>. Tras la repercusi\u00f3n negativa que hubo en redes sociales, sumado a que el Ruso nunca tuvo el consenso total entre los dirigentes, ambas partes creen que no es momento de que sea DT del Rojo.<\/p>\n<p>\u00bfCu\u00e1l es el principal problema para la elecci\u00f3n? <a href=\"https:\/\/www.locoxelrojo.com\/independiente\/2023\/03\/27\/grindetti-la-capacidad-economica-nos-condiciona-muchisimo-para-traer-tecnicos\/\">El que blanque\u00f3 el vicepresidente N\u00e9stor Grindetti<\/a>: <strong>&#8220;La capacidad econ\u00f3mica nos condiciona much\u00edsimo para traer t\u00e9cnicos de primera l\u00ednea. Estamos analizando distintas posibilidades y viendo cu\u00e1l puede ser la mejor opci\u00f3n para Independiente&#8221;<\/strong>.<\/p>\n","protected":false},"excerpt":{"rendered":"<p>Independiente contin\u00faa en la b\u00fasqueda de un entrenador. La \u00fanica certeza hasta el momento es qui\u00e9n estar\u00e1 en el banco el pr\u00f3ximo partido con San Lorenzo. Los dirigentes de Independiente siguen abocados a la b\u00fasqueda del pr\u00f3ximo DT. Este lunes se iba a llevar adelante una reuni\u00f3n importante de la subcomisi\u00f3n de f\u00fatbol, pero la [&hellip;]<\/p>\n","protected":false},"author":1,"featured_media":111752,"comment_status":"open","ping_status":"closed","sticky":false,"template":"","format":"standard","meta":{"_links_to":"","_links_to_target":""},"categories":[3247,3],"tags":[153,5067,1455,1742],"_links":{"self":[{"href":"https:\/\/www.locoxelrojo.com\/independiente\/wp-json\/wp\/v2\/posts\/111751"}],"collection":[{"href":"https:\/\/www.locoxelrojo.com\/independiente\/wp-json\/wp\/v2\/posts"}],"about":[{"href":"https:\/\/www.locoxelrojo.com\/independiente\/wp-json\/wp\/v2\/types\/post"}],"author":[{"embeddable":true,"href":"https:\/\/www.locoxelrojo.com\/independiente\/wp-json\/wp\/v2\/users\/1"}],"replies":[{"embeddable":true,"href":"https:\/\/www.locoxelrojo.com\/independiente\/wp-json\/wp\/v2\/comments?post=111751"}],"version-history":[{"count":3,"href":"https:\/\/www.locoxelrojo.com\/independiente\/wp-json\/wp\/v2\/posts\/111751\/revisions"}],"predecessor-version":[{"id":111755,"href":"https:\/\/www.locoxelrojo.com\/independiente\/wp-json\/wp\/v2\/posts\/111751\/revisions\/111755"}],"wp:featuredmedia":[{"embeddable":true,"href":"https:\/\/www.locoxelrojo.com\/independiente\/wp-json\/wp\/v2\/media\/111752"}],"wp:attachment":[{"href":"https:\/\/www.locoxelrojo.com\/independiente\/wp-json\/wp\/v2\/media?parent=111751"}],"wp:term":[{"taxonomy":"category","embeddable":true,"href":"https:\/\/www.locoxelrojo.com\/independiente\/wp-json\/wp\/v2\/categories?post=111751"},{"taxonomy":"post_tag","embeddable":true,"href":"https:\/\/www.locoxelrojo.com\/independiente\/wp-json\/wp\/v2\/tags?post=111751"}],"curies":[{"name":"wp","href":"https:\/\/api.w.org\/{rel}","templated":true}]}}