{"id":111789,"date":"2023-03-29T23:26:42","date_gmt":"2023-03-30T02:26:42","guid":{"rendered":"https:\/\/www.locoxelrojo.com\/independiente\/?p=111789"},"modified":"2023-03-29T23:26:42","modified_gmt":"2023-03-30T02:26:42","slug":"comunicado-oficial-independiente-va-a-fondo-en-varias-causas","status":"publish","type":"post","link":"https:\/\/www.locoxelrojo.com\/independiente\/2023\/03\/29\/comunicado-oficial-independiente-va-a-fondo-en-varias-causas\/","title":{"rendered":"Comunicado Oficial: Independiente va a fondo en varias causas"},"content":{"rendered":"<p>A trav\u00e9s de un comunicado oficial, <strong>Independiente anunci\u00f3 que la Comisi\u00f3n Directiva actuar\u00e1 e iniciar\u00e1 acciones contra la gesti\u00f3n anterior en varias causas que afectan las arcas del club<\/strong>.<\/p>\n<p><strong>Este mi\u00e9rcoles los dirigentes se reunieron en Avellaneda<\/strong> y tomaron una decisi\u00f3n importante: <strong>denunciar penalmente a toda persona involucrada en los casos de OCA, Gonzalo Ver\u00f3n y el pase de Nicol\u00e1s Figal a la MLS.<\/strong><\/p>\n<h3>A continuaci\u00f3n, el comunicado:<\/h3>\n<p><em>En el d\u00eda de la fecha, la Comisi\u00f3n Directiva del Club Atl\u00e9tico Independiente resolvi\u00f3 por unanimidad facultar al presidente y al secretario general de la entidad, a <strong>denunciar penalmente<\/strong> ex dirigentes, socios y terceros por las irregularidades encontradas en los expedientes judiciales del caso Gonzalo Ver\u00f3n, el sponsoreo no cobrado de OCA y la venta de los derechos econ\u00f3micos de Jorge Nicol\u00e1s Figal a la MLS.<\/em><\/p>\n<p><em>En paralelo, en el Caso Ver\u00f3n, el club realizar\u00e1 las apelaciones correspondientes en los diferentes tribunales provinciales para evitar la aplicaci\u00f3n y ejecuci\u00f3n de sentencia dictada por el Tribunal Laboral 2 de Avellaneda.<\/em><\/p>\n<p><em>En el Caso OCA, terminaron las mediaciones prejudiciales y el club realizar\u00e1 <strong>una demanda civil conta Hugo Moyano y H\u00e9ctor Maldonado<\/strong> con el objetivo de recuperar el dinero no percibido por uso de la imagen de la instituci\u00f3n a trav\u00e9s del sponsoreo en la indumentaria.<\/em><\/p>\n<blockquote class=\"instagram-media\" style=\"background: #FFF; border: 0; border-radius: 3px; box-shadow: 0 0 1px 0 rgba(0,0,0,0.5),0 1px 10px 0 rgba(0,0,0,0.15); margin: 1px; max-width: 540px; min-width: 326px; padding: 0; width: calc(100% - 2px);\" data-instgrm-captioned=\"\" data-instgrm-permalink=\"https:\/\/www.instagram.com\/p\/CqY2GKjORjv\/?utm_source=ig_embed&amp;utm_campaign=loading\" data-instgrm-version=\"14\">\n<div style=\"padding: 16px;\">\n<p>&nbsp;<\/p>\n<div style=\"display: flex; flex-direction: row; align-items: center;\">\n<div style=\"background-color: #f4f4f4; border-radius: 50%; flex-grow: 0; height: 40px; margin-right: 14px; width: 40px;\"><\/div>\n<div style=\"display: flex; flex-direction: column; flex-grow: 1; justify-content: center;\">\n<div style=\"background-color: #f4f4f4; border-radius: 4px; flex-grow: 0; height: 14px; margin-bottom: 6px; width: 100px;\"><\/div>\n<div style=\"background-color: #f4f4f4; border-radius: 4px; flex-grow: 0; height: 14px; width: 60px;\"><\/div>\n<\/div>\n<\/div>\n<div style=\"padding: 19% 0;\"><\/div>\n<div style=\"display: block; height: 50px; margin: 0 auto 12px; width: 50px;\"><\/div>\n<div style=\"padding-top: 8px;\">\n<div style=\"color: #3897f0; font-family: Arial,sans-serif; font-size: 14px; font-style: normal; font-weight: 550; line-height: 18px;\">Ver esta publicaci\u00f3n en Instagram<\/div>\n<\/div>\n<div style=\"padding: 12.5% 0;\"><\/div>\n<div style=\"display: flex; flex-direction: row; margin-bottom: 14px; align-items: center;\">\n<div>\n<div style=\"background-color: #f4f4f4; border-radius: 50%; height: 12.5px; width: 12.5px; transform: translateX(0px) translateY(7px);\"><\/div>\n<div style=\"background-color: #f4f4f4; height: 12.5px; transform: rotate(-45deg) translateX(3px) translateY(1px); width: 12.5px; flex-grow: 0; margin-right: 14px; margin-left: 2px;\"><\/div>\n<div style=\"background-color: #f4f4f4; border-radius: 50%; height: 12.5px; width: 12.5px; transform: translateX(9px) translateY(-18px);\"><\/div>\n<\/div>\n<div style=\"margin-left: 8px;\">\n<div style=\"background-color: #f4f4f4; border-radius: 50%; flex-grow: 0; height: 20px; width: 20px;\"><\/div>\n<div style=\"width: 0; height: 0; border-top: 2px solid transparent; border-left: 6px solid #f4f4f4; border-bottom: 2px solid transparent; transform: translateX(16px) translateY(-4px) rotate(30deg);\"><\/div>\n<\/div>\n<div style=\"margin-left: auto;\">\n<div style=\"width: 0px; border-top: 8px solid #F4F4F4; border-right: 8px solid transparent; transform: translateY(16px);\"><\/div>\n<div style=\"background-color: #f4f4f4; flex-grow: 0; height: 12px; width: 16px; transform: translateY(-4px);\"><\/div>\n<div style=\"width: 0; height: 0; border-top: 8px solid #F4F4F4; border-left: 8px solid transparent; transform: translateY(-4px) translateX(8px);\"><\/div>\n<\/div>\n<\/div>\n<div style=\"display: flex; flex-direction: column; flex-grow: 1; justify-content: center; margin-bottom: 24px;\">\n<div style=\"background-color: #f4f4f4; border-radius: 4px; flex-grow: 0; height: 14px; margin-bottom: 6px; width: 224px;\"><\/div>\n<div style=\"background-color: #f4f4f4; border-radius: 4px; flex-grow: 0; height: 14px; width: 144px;\"><\/div>\n<\/div>\n<p>&nbsp;<\/p>\n<p style=\"color: #c9c8cd; font-family: Arial,sans-serif; font-size: 14px; line-height: 17px; margin-bottom: 0; margin-top: 8px; overflow: hidden; padding: 8px 0 7px; text-align: center; text-overflow: ellipsis; white-space: nowrap;\"><a style=\"color: #c9c8cd; font-family: Arial,sans-serif; font-size: 14px; font-style: normal; font-weight: normal; line-height: 17px; text-decoration: none;\" href=\"https:\/\/www.instagram.com\/p\/CqY2GKjORjv\/?utm_source=ig_embed&amp;utm_campaign=loading\" target=\"_blank\" rel=\"noopener\">Una publicaci\u00f3n compartida de Independiente (@caindependiente)<\/a><\/p>\n<\/div>\n<\/blockquote>\n<p><script async src=\"\/\/www.instagram.com\/embed.js\"><\/script><\/p>\n","protected":false},"excerpt":{"rendered":"<p>A trav\u00e9s de un comunicado oficial, Independiente anunci\u00f3 que la Comisi\u00f3n Directiva actuar\u00e1 e iniciar\u00e1 acciones contra la gesti\u00f3n anterior en varias causas que afectan las arcas del club. Este mi\u00e9rcoles los dirigentes se reunieron en Avellaneda y tomaron una decisi\u00f3n importante: denunciar penalmente a toda persona involucrada en los casos de OCA, Gonzalo Ver\u00f3n [&hellip;]<\/p>\n","protected":false},"author":1,"featured_media":111790,"comment_status":"open","ping_status":"closed","sticky":false,"template":"","format":"standard","meta":{"_links_to":"","_links_to_target":""},"categories":[3247,4],"tags":[153,3757,2636,140,2625,5064],"_links":{"self":[{"href":"https:\/\/www.locoxelrojo.com\/independiente\/wp-json\/wp\/v2\/posts\/111789"}],"collection":[{"href":"https:\/\/www.locoxelrojo.com\/independiente\/wp-json\/wp\/v2\/posts"}],"about":[{"href":"https:\/\/www.locoxelrojo.com\/independiente\/wp-json\/wp\/v2\/types\/post"}],"author":[{"embeddable":true,"href":"https:\/\/www.locoxelrojo.com\/independiente\/wp-json\/wp\/v2\/users\/1"}],"replies":[{"embeddable":true,"href":"https:\/\/www.locoxelrojo.com\/independiente\/wp-json\/wp\/v2\/comments?post=111789"}],"version-history":[{"count":1,"href":"https:\/\/www.locoxelrojo.com\/independiente\/wp-json\/wp\/v2\/posts\/111789\/revisions"}],"predecessor-version":[{"id":111791,"href":"https:\/\/www.locoxelrojo.com\/independiente\/wp-json\/wp\/v2\/posts\/111789\/revisions\/111791"}],"wp:featuredmedia":[{"embeddable":true,"href":"https:\/\/www.locoxelrojo.com\/independiente\/wp-json\/wp\/v2\/media\/111790"}],"wp:attachment":[{"href":"https:\/\/www.locoxelrojo.com\/independiente\/wp-json\/wp\/v2\/media?parent=111789"}],"wp:term":[{"taxonomy":"category","embeddable":true,"href":"https:\/\/www.locoxelrojo.com\/independiente\/wp-json\/wp\/v2\/categories?post=111789"},{"taxonomy":"post_tag","embeddable":true,"href":"https:\/\/www.locoxelrojo.com\/independiente\/wp-json\/wp\/v2\/tags?post=111789"}],"curies":[{"name":"wp","href":"https:\/\/api.w.org\/{rel}","templated":true}]}}