{"id":111792,"date":"2023-03-29T23:45:10","date_gmt":"2023-03-30T02:45:10","guid":{"rendered":"https:\/\/www.locoxelrojo.com\/independiente\/?p=111792"},"modified":"2023-03-29T23:59:48","modified_gmt":"2023-03-30T02:59:48","slug":"doman-pidio-tranquilidad-para-que-monzon-trabaje","status":"publish","type":"post","link":"https:\/\/www.locoxelrojo.com\/independiente\/2023\/03\/29\/doman-pidio-tranquilidad-para-que-monzon-trabaje\/","title":{"rendered":"Doman pidi\u00f3 tranquilidad para que Monz\u00f3n trabaje"},"content":{"rendered":"<p>En di\u00e1logo con Radio Continental, <strong>Fabi\u00e1n Doman anunci\u00f3 que, por el momento, continuar\u00e1 el interinato de Pedro Monz\u00f3n en Independiente.<\/strong><\/p>\n<p><strong>&#8220;Nosotros hablamos con Pablo Guede y con Ricardo Zielinski. Los dos dijeron que s\u00ed, pero no nos pusimos de acuerdo en lo econ\u00f3mico&#8221;<\/strong>, expres\u00f3 el presidente. Y agreg\u00f3: <strong>&#8220;Se nombraron t\u00e9cnicos que nunca hablamos ni conozco&#8221;<\/strong>.<\/p>\n<p>Para finalizar, dej\u00f3 en claro cu\u00e1l es su postura y la de la Comisi\u00f3n Directiva: <strong>&#8220;El hincha en la calle me pide que deje a Pedro Monz\u00f3n. Es muy querido en el club y por los jugadores. Hay que dejarlo trabajar tranquilo y vamos a ir viendo&#8221;<\/strong>.<\/p>\n<p>De esta manera, <strong>Independiente pone en stand by la b\u00fasqueda de un DT<\/strong> y <a href=\"https:\/\/www.locoxelrojo.com\/independiente\/2023\/03\/29\/comunicado-oficial-independiente-va-a-fondo-en-varias-causas\/\">se aboca de lleno a solucionar los otros problemas que afectan al d\u00eda a d\u00eda del club<\/a>.<\/p>\n","protected":false},"excerpt":{"rendered":"<p>En di\u00e1logo con Radio Continental, Fabi\u00e1n Doman anunci\u00f3 que, por el momento, continuar\u00e1 el interinato de Pedro Monz\u00f3n en Independiente. &#8220;Nosotros hablamos con Pablo Guede y con Ricardo Zielinski. Los dos dijeron que s\u00ed, pero no nos pusimos de acuerdo en lo econ\u00f3mico&#8221;, expres\u00f3 el presidente. Y agreg\u00f3: &#8220;Se nombraron t\u00e9cnicos que nunca hablamos ni [&hellip;]<\/p>\n","protected":false},"author":1,"featured_media":109700,"comment_status":"open","ping_status":"closed","sticky":false,"template":"","format":"standard","meta":{"_links_to":"","_links_to_target":""},"categories":[3280,3247],"tags":[153,5067,1742],"_links":{"self":[{"href":"https:\/\/www.locoxelrojo.com\/independiente\/wp-json\/wp\/v2\/posts\/111792"}],"collection":[{"href":"https:\/\/www.locoxelrojo.com\/independiente\/wp-json\/wp\/v2\/posts"}],"about":[{"href":"https:\/\/www.locoxelrojo.com\/independiente\/wp-json\/wp\/v2\/types\/post"}],"author":[{"embeddable":true,"href":"https:\/\/www.locoxelrojo.com\/independiente\/wp-json\/wp\/v2\/users\/1"}],"replies":[{"embeddable":true,"href":"https:\/\/www.locoxelrojo.com\/independiente\/wp-json\/wp\/v2\/comments?post=111792"}],"version-history":[{"count":1,"href":"https:\/\/www.locoxelrojo.com\/independiente\/wp-json\/wp\/v2\/posts\/111792\/revisions"}],"predecessor-version":[{"id":111793,"href":"https:\/\/www.locoxelrojo.com\/independiente\/wp-json\/wp\/v2\/posts\/111792\/revisions\/111793"}],"wp:featuredmedia":[{"embeddable":true,"href":"https:\/\/www.locoxelrojo.com\/independiente\/wp-json\/wp\/v2\/media\/109700"}],"wp:attachment":[{"href":"https:\/\/www.locoxelrojo.com\/independiente\/wp-json\/wp\/v2\/media?parent=111792"}],"wp:term":[{"taxonomy":"category","embeddable":true,"href":"https:\/\/www.locoxelrojo.com\/independiente\/wp-json\/wp\/v2\/categories?post=111792"},{"taxonomy":"post_tag","embeddable":true,"href":"https:\/\/www.locoxelrojo.com\/independiente\/wp-json\/wp\/v2\/tags?post=111792"}],"curies":[{"name":"wp","href":"https:\/\/api.w.org\/{rel}","templated":true}]}}