{"id":111945,"date":"2023-04-05T14:00:17","date_gmt":"2023-04-05T17:00:17","guid":{"rendered":"https:\/\/www.locoxelrojo.com\/independiente\/?p=111945"},"modified":"2023-04-05T16:24:40","modified_gmt":"2023-04-05T19:24:40","slug":"el-parte-medico-de-independiente","status":"publish","type":"post","link":"https:\/\/www.locoxelrojo.com\/independiente\/2023\/04\/05\/el-parte-medico-de-independiente\/","title":{"rendered":"Parte M\u00e9dico: as\u00ed evolucionan los jugadores de Independiente"},"content":{"rendered":"<p>Pedro Monz\u00f3n contin\u00faa al mando de Independiente y <strong>volvi\u00f3 a contar con algunos futbolistas<\/strong> que se recuperaron de sus lesiones, aunque tambi\u00e9n <strong>transcurri\u00f3 una mala noticia.<\/strong><\/p>\n<p>La parte positiva es que <strong><a href=\"https:\/\/www.locoxelrojo.com\/independiente\/2023\/03\/28\/se-desgarro-ayrton-costa\/\">Ayrton Costa<\/a> y <a href=\"https:\/\/www.locoxelrojo.com\/independiente\/2023\/02\/24\/cuero-desgarrado\/\">Mauricio Cuero<\/a> se entrenaron junto a sus compa\u00f1eros<\/strong> y est\u00e1n <strong>recuperados<\/strong> de sus distintas lesiones musculares.<\/p>\n<p>El <strong>parte negativo<\/strong> fue de <strong>Agust\u00edn Mulet<\/strong>, que arrastra una <strong>sinovitis en su rodilla<\/strong> izquierda desde hace varios partidos. El mediocampista <strong>no termin\u00f3 la pr\u00e1ctica<\/strong> y muy probablemente <strong>quede fuera del partido<\/strong> entre Independiente y Estudiantes.<\/p>\n<p>Por su parte, otro que ya se est\u00e1 <strong>entrenando con normalidad<\/strong> a la par de sus compa\u00f1eros es <strong>Justo D\u00b4Angelo<\/strong>, <strong>superando la rotura del ligamento<\/strong> cruzado anterior que sufri\u00f3 en octubre del 2022.<\/p>\n","protected":false},"excerpt":{"rendered":"<p>Pedro Monz\u00f3n contin\u00faa al mando de Independiente y volvi\u00f3 a contar con algunos futbolistas que se recuperaron de sus lesiones, aunque tambi\u00e9n transcurri\u00f3 una mala noticia. La parte positiva es que Ayrton Costa y Mauricio Cuero se entrenaron junto a sus compa\u00f1eros y est\u00e1n recuperados de sus distintas lesiones musculares. El parte negativo fue de [&hellip;]<\/p>\n","protected":false},"author":101029,"featured_media":111599,"comment_status":"open","ping_status":"closed","sticky":false,"template":"","format":"standard","meta":{"_links_to":"","_links_to_target":""},"categories":[3247,3],"tags":[5328,4687,153,5210,5320],"_links":{"self":[{"href":"https:\/\/www.locoxelrojo.com\/independiente\/wp-json\/wp\/v2\/posts\/111945"}],"collection":[{"href":"https:\/\/www.locoxelrojo.com\/independiente\/wp-json\/wp\/v2\/posts"}],"about":[{"href":"https:\/\/www.locoxelrojo.com\/independiente\/wp-json\/wp\/v2\/types\/post"}],"author":[{"embeddable":true,"href":"https:\/\/www.locoxelrojo.com\/independiente\/wp-json\/wp\/v2\/users\/101029"}],"replies":[{"embeddable":true,"href":"https:\/\/www.locoxelrojo.com\/independiente\/wp-json\/wp\/v2\/comments?post=111945"}],"version-history":[{"count":1,"href":"https:\/\/www.locoxelrojo.com\/independiente\/wp-json\/wp\/v2\/posts\/111945\/revisions"}],"predecessor-version":[{"id":111946,"href":"https:\/\/www.locoxelrojo.com\/independiente\/wp-json\/wp\/v2\/posts\/111945\/revisions\/111946"}],"wp:featuredmedia":[{"embeddable":true,"href":"https:\/\/www.locoxelrojo.com\/independiente\/wp-json\/wp\/v2\/media\/111599"}],"wp:attachment":[{"href":"https:\/\/www.locoxelrojo.com\/independiente\/wp-json\/wp\/v2\/media?parent=111945"}],"wp:term":[{"taxonomy":"category","embeddable":true,"href":"https:\/\/www.locoxelrojo.com\/independiente\/wp-json\/wp\/v2\/categories?post=111945"},{"taxonomy":"post_tag","embeddable":true,"href":"https:\/\/www.locoxelrojo.com\/independiente\/wp-json\/wp\/v2\/tags?post=111945"}],"curies":[{"name":"wp","href":"https:\/\/api.w.org\/{rel}","templated":true}]}}