{"id":111949,"date":"2023-04-05T08:57:25","date_gmt":"2023-04-05T11:57:25","guid":{"rendered":"https:\/\/www.locoxelrojo.com\/independiente\/?p=111949"},"modified":"2023-04-05T19:10:31","modified_gmt":"2023-04-05T22:10:31","slug":"clausen-no-hay-nadie-en-el-equipo-que-levante-a-la-gente-en-el-estadio-ni-a-sus-companeros","status":"publish","type":"post","link":"https:\/\/www.locoxelrojo.com\/independiente\/2023\/04\/05\/clausen-no-hay-nadie-en-el-equipo-que-levante-a-la-gente-en-el-estadio-ni-a-sus-companeros\/","title":{"rendered":"Clausen: \u201cNo hay nadie en el equipo que levante a la gente\u201d"},"content":{"rendered":"<p><strong>N\u00e9stor Clausen<\/strong>, multicampe\u00f3n con <strong>Independiente<\/strong>, pas\u00f3 por el programa \u00bfC\u00f3mo Te Va? en DSports y opin\u00f3 sobre la crisis econ\u00f3mica y deportiva que vive el Rojo.<\/p>\n<p>El exdefensor del Rojo habl\u00f3 sobre su amigo, Pedro Monz\u00f3n, y su interinato en el club: <strong>&#8220;Lo vi bien al frente de Independiente, lo veo motivado&#8221;<\/strong>. Aunque fue realista y afirm\u00f3 que <strong>&#8220;el club no est\u00e1 pasando por un buen momento, no est\u00e1 para salir campe\u00f3n&#8221;<\/strong>.<\/p>\n<p>Sobre qui\u00e9n debe ser el pr\u00f3ximo entrenador del Rey de Copas expres\u00f3: <strong>&#8220;Como est\u00e1 hoy Independiente es mejor que vaya un desconocido&#8221;<\/strong>. Y dio su perspectiva sobre Pablo Repetto, <a href=\"https:\/\/www.locoxelrojo.com\/independiente\/2023\/04\/04\/a-fuego-lento\/\">el DT que m\u00e1s suena<\/a>: <strong>&#8220;Es una persona que ha tenido buenos resultados y es un DT de procesos&#8221;<\/strong>.<\/p>\n<p>Adem\u00e1s dio su punto de vista sobre el hist\u00f3rico estilo de juego que identifica al equipo de Avellaneda: <strong>&#8220;Hoy no podemos hablar de paladar negro en Independiente&#8221;<\/strong>. Y critic\u00f3 a los jugadores: <strong>&#8220;No hay nadie en el equipo que levante a la gente en el estadio, ni a sus compa\u00f1eros&#8221;<\/strong>.<\/p>\n<p>El Negro tambi\u00e9n fue campe\u00f3n con la Selecci\u00f3n argentina en el Mundial 1986 y consigui\u00f3 con Independiente, entre otros logros, la Copa Libertadores e Intercontinental 1984 y Supercopa 1995, entre otros logros. <strong>Una aut\u00e9ntica voz autorizada.<\/strong><\/p>\n","protected":false},"excerpt":{"rendered":"<p>N\u00e9stor Clausen, multicampe\u00f3n con Independiente, pas\u00f3 por el programa \u00bfC\u00f3mo Te Va? en DSports y opin\u00f3 sobre la crisis econ\u00f3mica y deportiva que vive el Rojo. El exdefensor del Rojo habl\u00f3 sobre su amigo, Pedro Monz\u00f3n, y su interinato en el club: &#8220;Lo vi bien al frente de Independiente, lo veo motivado&#8221;. Aunque fue realista [&hellip;]<\/p>\n","protected":false},"author":101034,"featured_media":111950,"comment_status":"open","ping_status":"closed","sticky":false,"template":"","format":"standard","meta":{"_links_to":"","_links_to_target":""},"categories":[3280,3247],"tags":[153,2055],"_links":{"self":[{"href":"https:\/\/www.locoxelrojo.com\/independiente\/wp-json\/wp\/v2\/posts\/111949"}],"collection":[{"href":"https:\/\/www.locoxelrojo.com\/independiente\/wp-json\/wp\/v2\/posts"}],"about":[{"href":"https:\/\/www.locoxelrojo.com\/independiente\/wp-json\/wp\/v2\/types\/post"}],"author":[{"embeddable":true,"href":"https:\/\/www.locoxelrojo.com\/independiente\/wp-json\/wp\/v2\/users\/101034"}],"replies":[{"embeddable":true,"href":"https:\/\/www.locoxelrojo.com\/independiente\/wp-json\/wp\/v2\/comments?post=111949"}],"version-history":[{"count":1,"href":"https:\/\/www.locoxelrojo.com\/independiente\/wp-json\/wp\/v2\/posts\/111949\/revisions"}],"predecessor-version":[{"id":111951,"href":"https:\/\/www.locoxelrojo.com\/independiente\/wp-json\/wp\/v2\/posts\/111949\/revisions\/111951"}],"wp:featuredmedia":[{"embeddable":true,"href":"https:\/\/www.locoxelrojo.com\/independiente\/wp-json\/wp\/v2\/media\/111950"}],"wp:attachment":[{"href":"https:\/\/www.locoxelrojo.com\/independiente\/wp-json\/wp\/v2\/media?parent=111949"}],"wp:term":[{"taxonomy":"category","embeddable":true,"href":"https:\/\/www.locoxelrojo.com\/independiente\/wp-json\/wp\/v2\/categories?post=111949"},{"taxonomy":"post_tag","embeddable":true,"href":"https:\/\/www.locoxelrojo.com\/independiente\/wp-json\/wp\/v2\/tags?post=111949"}],"curies":[{"name":"wp","href":"https:\/\/api.w.org\/{rel}","templated":true}]}}