{"id":112025,"date":"2023-04-10T12:50:54","date_gmt":"2023-04-10T15:50:54","guid":{"rendered":"https:\/\/www.locoxelrojo.com\/independiente\/?p=112025"},"modified":"2023-04-10T12:50:54","modified_gmt":"2023-04-10T15:50:54","slug":"balino-el-arbitro-para-visitar-a-rosario-central","status":"publish","type":"post","link":"https:\/\/www.locoxelrojo.com\/independiente\/2023\/04\/10\/balino-el-arbitro-para-visitar-a-rosario-central\/","title":{"rendered":"Bali\u00f1o, el \u00e1rbitro para visitar a Rosario Central"},"content":{"rendered":"<p><strong>Jorge Bali\u00f1o ser\u00e1 el \u00e1rbitro principal entre Independiente y Rosario Central<\/strong>, el pr\u00f3ximo <strong>mi\u00e9rcoles a las 21:30<\/strong> por la fecha 11 de la Liga Profesional.<\/p>\n<p>El Rojo tiene un <strong>historial negativo<\/strong> con este juez. Jug\u00f3 <strong>12 partidos<\/strong> bajo su arbitraje, obteniendo un saldo de <strong>4 victorias, 2 empates y 6 derrotas.<\/strong><\/p>\n<p>Sin embargo, <strong>sus \u00faltimas dos presencias fueron con triunfo<\/strong> para Independiente. La \u00faltima vez fue <a href=\"https:\/\/www.locoxelrojo.com\/independiente\/2022\/10\/16\/batallo-y-volvio-al-triunfo\/\"><strong>1-0 ante Banfield<\/strong><\/a> por la fecha 26 de la Liga Profesional 2022, con <strong>gol de Dami\u00e1n Batallini.<\/strong> Anteriormente, estuvo en el <strong>1-0 ante Uni\u00f3n en Santa Fe,<\/strong> por la fecha 20 del mismo torneo. En ese partido, el gol lo hizo<strong> Lucas Romero.<\/strong><\/p>\n<p><iframe loading=\"lazy\" title=\"\u00a1CON SUSPENSO, EL ROJO DERROT\u00d3 AL TALADRO EN AVELLANEDA! I Independiente 1-0 Banfield I RESUMEN\" width=\"696\" height=\"392\" src=\"https:\/\/www.youtube.com\/embed\/PRuK03xVoRg?feature=oembed\" frameborder=\"0\" allow=\"accelerometer; autoplay; clipboard-write; encrypted-media; gyroscope; picture-in-picture; web-share\" allowfullscreen><\/iframe><\/p>\n<p>En el Gigante de Arroyito, Bali\u00f1o estar\u00e1 acompa\u00f1ado por <strong>Jos\u00e9 Savorani<\/strong> (asistente 1), <strong>Walter Ferreyra<\/strong> (asistente 2) y <strong>Joaqu\u00edn Gil<\/strong> (cuarto \u00e1rbitro). El encargado del VAR ser\u00e1 <strong>Fernando Rapallini<\/strong>, junto a <strong>Lucas Germanotta<\/strong> (AVAR).<\/p>\n","protected":false},"excerpt":{"rendered":"<p>Jorge Bali\u00f1o ser\u00e1 el \u00e1rbitro principal entre Independiente y Rosario Central, el pr\u00f3ximo mi\u00e9rcoles a las 21:30 por la fecha 11 de la Liga Profesional. El Rojo tiene un historial negativo con este juez. Jug\u00f3 12 partidos bajo su arbitraje, obteniendo un saldo de 4 victorias, 2 empates y 6 derrotas. Sin embargo, sus \u00faltimas [&hellip;]<\/p>\n","protected":false},"author":101029,"featured_media":112026,"comment_status":"open","ping_status":"closed","sticky":false,"template":"","format":"standard","meta":{"_links_to":"","_links_to_target":""},"categories":[3280,3247],"tags":[153,159,5275,507],"_links":{"self":[{"href":"https:\/\/www.locoxelrojo.com\/independiente\/wp-json\/wp\/v2\/posts\/112025"}],"collection":[{"href":"https:\/\/www.locoxelrojo.com\/independiente\/wp-json\/wp\/v2\/posts"}],"about":[{"href":"https:\/\/www.locoxelrojo.com\/independiente\/wp-json\/wp\/v2\/types\/post"}],"author":[{"embeddable":true,"href":"https:\/\/www.locoxelrojo.com\/independiente\/wp-json\/wp\/v2\/users\/101029"}],"replies":[{"embeddable":true,"href":"https:\/\/www.locoxelrojo.com\/independiente\/wp-json\/wp\/v2\/comments?post=112025"}],"version-history":[{"count":2,"href":"https:\/\/www.locoxelrojo.com\/independiente\/wp-json\/wp\/v2\/posts\/112025\/revisions"}],"predecessor-version":[{"id":112028,"href":"https:\/\/www.locoxelrojo.com\/independiente\/wp-json\/wp\/v2\/posts\/112025\/revisions\/112028"}],"wp:featuredmedia":[{"embeddable":true,"href":"https:\/\/www.locoxelrojo.com\/independiente\/wp-json\/wp\/v2\/media\/112026"}],"wp:attachment":[{"href":"https:\/\/www.locoxelrojo.com\/independiente\/wp-json\/wp\/v2\/media?parent=112025"}],"wp:term":[{"taxonomy":"category","embeddable":true,"href":"https:\/\/www.locoxelrojo.com\/independiente\/wp-json\/wp\/v2\/categories?post=112025"},{"taxonomy":"post_tag","embeddable":true,"href":"https:\/\/www.locoxelrojo.com\/independiente\/wp-json\/wp\/v2\/tags?post=112025"}],"curies":[{"name":"wp","href":"https:\/\/api.w.org\/{rel}","templated":true}]}}