{"id":112064,"date":"2023-04-11T20:06:25","date_gmt":"2023-04-11T23:06:25","guid":{"rendered":"https:\/\/www.locoxelrojo.com\/independiente\/?p=112064"},"modified":"2023-04-12T02:17:55","modified_gmt":"2023-04-12T05:17:55","slug":"milito-destrozo-a-holan-lo-dejaron-hacer-lo-que-quiso","status":"publish","type":"post","link":"https:\/\/www.locoxelrojo.com\/independiente\/2023\/04\/11\/milito-destrozo-a-holan-lo-dejaron-hacer-lo-que-quiso\/","title":{"rendered":"Milito destroz\u00f3 a Holan: &#8220;Lo dejaron hacer lo que quiso&#8221;"},"content":{"rendered":"<p><strong>Gabriel Milito<\/strong> dio su opini\u00f3n sobre el caos institucional de Independiente y dispar\u00f3 contra <strong>Ariel Holan<\/strong>, a quien se\u00f1al\u00f3 como uno de los culpables del desastre econ\u00f3mico y deportivo actual.<\/p>\n<p><strong>&#8220;Hay responsables y tengo en claro qui\u00e9nes son. No lo voy a decir. Independiente tuvo una gran oportunidad para resurgir despu\u00e9s de haber ganado la Sudamericana en 2017. Pas\u00f3 a jugar la Libertadores en 2018. Pero han tomado decisiones horrorosas desde el punto de visto econ\u00f3mico y deportivo. Lo que pasa es que nos dejamos llevar por el \u00e9xito, y el \u00e9xito moment\u00e1neo tap\u00f3 todo lo que hoy le toca vivir a Independiente&#8221;<\/strong>, comenz\u00f3 el Mariscal, que hoy dirige a Argentinos Juniors.<\/p>\n<p><strong>&#8220;Cuando digo que hay responsables, no lo digo \u00fanicamente por la comisi\u00f3n directiva, que la tienen la responsabilidad, sino por el que gestion\u00f3 en el \u00e1mbito deportivo y no supo manejarse en el \u00e9xito. Ah\u00ed empieza este lamentable momento del club&#8221;<\/strong>, a\u00f1adi\u00f3 el DT del Bicho, que de a poco iba tomando temperatura.<\/p>\n<blockquote class=\"twitter-tweet\" data-width=\"550\" data-dnt=\"true\">\n<p lang=\"es\" dir=\"ltr\">&quot;LO DEJARON HACER LO QUE QUISO&#8230; AH\u00cd EMPIEZA ESTE LAMENTABLE MOMENTO DEL CLUB&quot; Gabriel Milito se meti\u00f3 en la interna de Independiente y apunt\u00f3 contra los dirigentes y contra Ariel Holan. <a href=\"https:\/\/t.co\/6rxlvCRJVa\">pic.twitter.com\/6rxlvCRJVa<\/a><\/p>\n<p>&mdash; SportsCenter (@SC_ESPN) <a href=\"https:\/\/twitter.com\/SC_ESPN\/status\/1645965296727994368?ref_src=twsrc%5Etfw\">April 12, 2023<\/a><\/p><\/blockquote>\n<p><script async src=\"https:\/\/platform.twitter.com\/widgets.js\" charset=\"utf-8\"><\/script><\/p>\n<p>Y por si quedaban dudas de que se refer\u00eda a Holan, remat\u00f3:<strong> &#8220;Esa persona se golpea el pecho diciendo que ama al club y que es hincha de Independiente. Todos sabemos muy bien cu\u00e1l fue su comportamiento despu\u00e9s de ganar la Sudamericana. Lo tengo clar\u00edsimo. Lo dejaron hacer lo que quiso y ah\u00ed est\u00e1 la responsabilidad de los dirigentes. Creo que fui bastante claro, sin nombrarlo&#8221;<\/strong>.<\/p>\n<p>Por otro lado, Milito pidi\u00f3 que todo el arco pol\u00edtico y los hinchas tiren para el mismo lado para poder sacar al club de esta situaci\u00f3n: <strong>&#8220;Hay responsables y creo que tambi\u00e9n debe haber soluciones para que el club vuelva poco a poco a resurgir, pero entre todos. Con divisiones no vas a ning\u00fan lado. Con la gente pidi\u00e9ndole a los jugadores m\u00e1s de lo que pueden en esta circunstancia, es complicado. Es entendible lo de la gente pero Bochini, el Chivo Pavoni y Pep\u00e9 Santoro no juegan m\u00e1s&#8221;<\/strong>.<\/p>\n<p>El excapit\u00e1n del Rojo campe\u00f3n del Apertura 2002 dijo que es necesario<strong> &#8220;volver a reconstruir, a las bases&#8221;<\/strong>, pero aclar\u00f3 que <strong>&#8220;volver a las bases no es el saludo tradicional, es volver a la \u00e9poca de los gallegos, esos cuatro o cinco locos que llegaron a la Argentina y fundaron el club&#8221;<\/strong>. Y lament\u00f3:<strong> &#8220;Cuando no ten\u00e9s ordenadas las cuentas, al final te entran por todos lados y es lo que est\u00e1 pasando en el club&#8221;<\/strong>.<\/p>\n<blockquote class=\"instagram-media\" style=\"background: #FFF; border: 0; border-radius: 3px; box-shadow: 0 0 1px 0 rgba(0,0,0,0.5),0 1px 10px 0 rgba(0,0,0,0.15); margin: 1px; max-width: 540px; min-width: 326px; padding: 0; width: calc(100% - 2px);\" data-instgrm-captioned=\"\" data-instgrm-permalink=\"https:\/\/www.instagram.com\/reel\/Cq67sg_uvBx\/?utm_source=ig_embed&amp;utm_campaign=loading\" data-instgrm-version=\"14\">\n<div style=\"padding: 16px;\">\n<p>&nbsp;<\/p>\n<div style=\"display: flex; flex-direction: row; align-items: center;\">\n<div style=\"background-color: #f4f4f4; border-radius: 50%; flex-grow: 0; height: 40px; margin-right: 14px; width: 40px;\"><\/div>\n<div style=\"display: flex; flex-direction: column; flex-grow: 1; justify-content: center;\">\n<div style=\"background-color: #f4f4f4; border-radius: 4px; flex-grow: 0; height: 14px; margin-bottom: 6px; width: 100px;\"><\/div>\n<div style=\"background-color: #f4f4f4; border-radius: 4px; flex-grow: 0; height: 14px; width: 60px;\"><\/div>\n<\/div>\n<\/div>\n<div style=\"padding: 19% 0;\"><\/div>\n<div style=\"display: block; height: 50px; margin: 0 auto 12px; width: 50px;\"><\/div>\n<div style=\"padding-top: 8px;\">\n<div style=\"color: #3897f0; font-family: Arial,sans-serif; font-size: 14px; font-style: normal; font-weight: 550; line-height: 18px;\">Ver esta publicaci\u00f3n en Instagram<\/div>\n<\/div>\n<div style=\"padding: 12.5% 0;\"><\/div>\n<div style=\"display: flex; flex-direction: row; margin-bottom: 14px; align-items: center;\">\n<div>\n<div style=\"background-color: #f4f4f4; border-radius: 50%; height: 12.5px; width: 12.5px; transform: translateX(0px) translateY(7px);\"><\/div>\n<div style=\"background-color: #f4f4f4; height: 12.5px; transform: rotate(-45deg) translateX(3px) translateY(1px); width: 12.5px; flex-grow: 0; margin-right: 14px; margin-left: 2px;\"><\/div>\n<div style=\"background-color: #f4f4f4; border-radius: 50%; height: 12.5px; width: 12.5px; transform: translateX(9px) translateY(-18px);\"><\/div>\n<\/div>\n<div style=\"margin-left: 8px;\">\n<div style=\"background-color: #f4f4f4; border-radius: 50%; flex-grow: 0; height: 20px; width: 20px;\"><\/div>\n<div style=\"width: 0; height: 0; border-top: 2px solid transparent; border-left: 6px solid #f4f4f4; border-bottom: 2px solid transparent; transform: translateX(16px) translateY(-4px) rotate(30deg);\"><\/div>\n<\/div>\n<div style=\"margin-left: auto;\">\n<div style=\"width: 0px; border-top: 8px solid #F4F4F4; border-right: 8px solid transparent; transform: translateY(16px);\"><\/div>\n<div style=\"background-color: #f4f4f4; flex-grow: 0; height: 12px; width: 16px; transform: translateY(-4px);\"><\/div>\n<div style=\"width: 0; height: 0; border-top: 8px solid #F4F4F4; border-left: 8px solid transparent; transform: translateY(-4px) translateX(8px);\"><\/div>\n<\/div>\n<\/div>\n<div style=\"display: flex; flex-direction: column; flex-grow: 1; justify-content: center; margin-bottom: 24px;\">\n<div style=\"background-color: #f4f4f4; border-radius: 4px; flex-grow: 0; height: 14px; margin-bottom: 6px; width: 224px;\"><\/div>\n<div style=\"background-color: #f4f4f4; border-radius: 4px; flex-grow: 0; height: 14px; width: 144px;\"><\/div>\n<\/div>\n<p>&nbsp;<\/p>\n<p style=\"color: #c9c8cd; font-family: Arial,sans-serif; font-size: 14px; line-height: 17px; margin-bottom: 0; margin-top: 8px; overflow: hidden; padding: 8px 0 7px; text-align: center; text-overflow: ellipsis; white-space: nowrap;\"><a style=\"color: #c9c8cd; font-family: Arial,sans-serif; font-size: 14px; font-style: normal; font-weight: normal; line-height: 17px; text-decoration: none;\" href=\"https:\/\/www.instagram.com\/reel\/Cq67sg_uvBx\/?utm_source=ig_embed&amp;utm_campaign=loading\" target=\"_blank\" rel=\"noopener\">Una publicaci\u00f3n compartida por LocoXelRojo.com (@locoxelrojoweb)<\/a><\/p>\n<\/div>\n<\/blockquote>\n<p><script async src=\"\/\/www.instagram.com\/embed.js\"><\/script><\/p>\n","protected":false},"excerpt":{"rendered":"<p>Gabriel Milito dio su opini\u00f3n sobre el caos institucional de Independiente y dispar\u00f3 contra Ariel Holan, a quien se\u00f1al\u00f3 como uno de los culpables del desastre econ\u00f3mico y deportivo actual. &#8220;Hay responsables y tengo en claro qui\u00e9nes son. No lo voy a decir. Independiente tuvo una gran oportunidad para resurgir despu\u00e9s de haber ganado la [&hellip;]<\/p>\n","protected":false},"author":8,"featured_media":112067,"comment_status":"open","ping_status":"closed","sticky":false,"template":"","format":"standard","meta":{"_links_to":"","_links_to_target":""},"categories":[3280,3247],"tags":[2998,153,42],"_links":{"self":[{"href":"https:\/\/www.locoxelrojo.com\/independiente\/wp-json\/wp\/v2\/posts\/112064"}],"collection":[{"href":"https:\/\/www.locoxelrojo.com\/independiente\/wp-json\/wp\/v2\/posts"}],"about":[{"href":"https:\/\/www.locoxelrojo.com\/independiente\/wp-json\/wp\/v2\/types\/post"}],"author":[{"embeddable":true,"href":"https:\/\/www.locoxelrojo.com\/independiente\/wp-json\/wp\/v2\/users\/8"}],"replies":[{"embeddable":true,"href":"https:\/\/www.locoxelrojo.com\/independiente\/wp-json\/wp\/v2\/comments?post=112064"}],"version-history":[{"count":5,"href":"https:\/\/www.locoxelrojo.com\/independiente\/wp-json\/wp\/v2\/posts\/112064\/revisions"}],"predecessor-version":[{"id":112070,"href":"https:\/\/www.locoxelrojo.com\/independiente\/wp-json\/wp\/v2\/posts\/112064\/revisions\/112070"}],"wp:featuredmedia":[{"embeddable":true,"href":"https:\/\/www.locoxelrojo.com\/independiente\/wp-json\/wp\/v2\/media\/112067"}],"wp:attachment":[{"href":"https:\/\/www.locoxelrojo.com\/independiente\/wp-json\/wp\/v2\/media?parent=112064"}],"wp:term":[{"taxonomy":"category","embeddable":true,"href":"https:\/\/www.locoxelrojo.com\/independiente\/wp-json\/wp\/v2\/categories?post=112064"},{"taxonomy":"post_tag","embeddable":true,"href":"https:\/\/www.locoxelrojo.com\/independiente\/wp-json\/wp\/v2\/tags?post=112064"}],"curies":[{"name":"wp","href":"https:\/\/api.w.org\/{rel}","templated":true}]}}